{"id":265957,"date":"2026-02-11T18:33:19","date_gmt":"2026-02-11T18:33:19","guid":{"rendered":"https:\/\/www.europesays.com\/pt\/265957\/"},"modified":"2026-02-11T18:33:19","modified_gmt":"2026-02-11T18:33:19","slug":"o-que-estou-a-sentir","status":"publish","type":"post","link":"https:\/\/www.europesays.com\/pt\/265957\/","title":{"rendered":"\u201cO que estou a sentir\u2026\u201d"},"content":{"rendered":"<p>Depois de dias intensos de trabalho no V+ TVI, onde apresenta o programa \u2018Bom Dia Alegria\u2019, com Merche Romero, Z\u00e9 Lopes aproveita alguns dias de f\u00e9rias.<\/p>\n<p>O apresentador rumou ao Brasil, mais concretamente ao Rio de Janeiro, onde est\u00e1 a viver e a realizar um sonho.<\/p>\n<p>Nas redes sociais, esta segunda-feira, dia 9 de fevereiro, Z\u00e9 Lopes falou sobre a viagem: <strong>\u201cHonestamente, at\u00e9 para mim que sou um rapaz de muitas palavras, faltam-me as certas para descrever o que estou a sentir neste momento. E isto \u00e9 apenas uma amostra das primeiras 24 horas. Ai Rio Rio\u201d<\/strong>.<\/p>\n<p>Nos coment\u00e1rios, Z\u00e9 Lopes recebeu v\u00e1rios elogios dos f\u00e3s. Por\u00e9m, o apresentador tamb\u00e9m recebeu um coment\u00e1rio negativo que obteve resposta de Z\u00e9 Gouveia, conforme notici\u00e1mos <a href=\"https:\/\/www.hiper.fm\/e-so-ossos-ze-gouveia-sai-em-defesa-de-ze-lopes-apos-comentario-ao-corpo\/\" target=\"_blank\" rel=\"noopener nofollow\">aqui<\/a>.<\/p>\n<p>Veja a publica\u00e7\u00e3o:<\/p>\n<blockquote class=\"instagram-media\" style=\"background: #FFF; border: 0; border-radius: 3px; box-shadow: 0 0 1px 0 rgba(0,0,0,0.5),0 1px 10px 0 rgba(0,0,0,0.15); margin: 1px; max-width: 540px; min-width: 326px; padding: 0; width: calc(100% - 2px);\" data-instgrm-captioned=\"\" data-instgrm-permalink=\"https:\/\/www.instagram.com\/p\/DUii5NbEeNl\/?utm_source=ig_embed&amp;utm_campaign=loading\" data-instgrm-version=\"14\">\n<\/blockquote>\n<p>\t\t\t\t\t\t\t\t\t\t\t\t\t\t\t\t\t\t\t\t\t\t\t\t\t\t\t<script async src=\"\/\/www.instagram.com\/embed.js\"><\/script><\/p>\n","protected":false},"excerpt":{"rendered":"Depois de dias intensos de trabalho no V+ TVI, onde apresenta o programa \u2018Bom Dia Alegria\u2019, com Merche&hellip;\n","protected":false},"author":2,"featured_media":265958,"comment_status":"","ping_status":"","sticky":false,"template":"","format":"standard","meta":{"footnotes":"","_share_on_mastodon":"0"},"categories":[85],"tags":[66,726,114,115,32,33,2326,11301,49139],"class_list":["post-265957","post","type-post","status-publish","format-standard","has-post-thumbnail","category-entretenimento","tag-bom-dia-alegria","tag-brasil","tag-entertainment","tag-entretenimento","tag-portugal","tag-pt","tag-rio-de-janeiro","tag-sonho","tag-zu00e9-lopes"],"share_on_mastodon":{"url":"https:\/\/pubeurope.com\/@pt\/116053436442868670","error":""},"_links":{"self":[{"href":"https:\/\/www.europesays.com\/pt\/wp-json\/wp\/v2\/posts\/265957","targetHints":{"allow":["GET"]}}],"collection":[{"href":"https:\/\/www.europesays.com\/pt\/wp-json\/wp\/v2\/posts"}],"about":[{"href":"https:\/\/www.europesays.com\/pt\/wp-json\/wp\/v2\/types\/post"}],"author":[{"embeddable":true,"href":"https:\/\/www.europesays.com\/pt\/wp-json\/wp\/v2\/users\/2"}],"replies":[{"embeddable":true,"href":"https:\/\/www.europesays.com\/pt\/wp-json\/wp\/v2\/comments?post=265957"}],"version-history":[{"count":0,"href":"https:\/\/www.europesays.com\/pt\/wp-json\/wp\/v2\/posts\/265957\/revisions"}],"wp:featuredmedia":[{"embeddable":true,"href":"https:\/\/www.europesays.com\/pt\/wp-json\/wp\/v2\/media\/265958"}],"wp:attachment":[{"href":"https:\/\/www.europesays.com\/pt\/wp-json\/wp\/v2\/media?parent=265957"}],"wp:term":[{"taxonomy":"category","embeddable":true,"href":"https:\/\/www.europesays.com\/pt\/wp-json\/wp\/v2\/categories?post=265957"},{"taxonomy":"post_tag","embeddable":true,"href":"https:\/\/www.europesays.com\/pt\/wp-json\/wp\/v2\/tags?post=265957"}],"curies":[{"name":"wp","href":"https:\/\/api.w.org\/{rel}","templated":true}]}}