{"id":266079,"date":"2026-02-11T20:39:08","date_gmt":"2026-02-11T20:39:08","guid":{"rendered":"https:\/\/www.europesays.com\/pt\/266079\/"},"modified":"2026-02-11T20:39:08","modified_gmt":"2026-02-11T20:39:08","slug":"a-star-is-born-nas-redes-la-vie-de-maria-manuela-critica","status":"publish","type":"post","link":"https:\/\/www.europesays.com\/pt\/266079\/","title":{"rendered":"\u201cA star is born \u201d(nas \u201credes\u201d): \u201cLa Vie de Maria Manuela\u201d | Cr\u00edtica"},"content":{"rendered":"<p>Eis algo para nos fazer sentir bem separados da (suposta) \u201crealidade medi\u00e1tica\u201d. Passamos o visionamento de La Vie de Maria Manuela a pensar que a \u00fanica gra\u00e7a deste filme esqu\u00e1lido, superficial, meramente esbo\u00e7ado, estava na ideia de \u201cinventar\u201d uma estrela, pegar numa rapariga vinda de algures da ruralidade portuguesa, uma rapariga um pouco exc\u00eantrica e com um sentido agudo do seu pr\u00f3prio espect\u00e1culo, mas uma rapariga \u201cnormal\u201d, igual a milhares de outras pelo pa\u00eds fora, e trat\u00e1-la como uma grande vedeta. Mas depois vai-se investigar e percebe-se que n\u00e3o \u00e9 nada disso, a star j\u00e1 nasceu, Maria Manuela \u00e9 uma influencer muito popular no TikTok e redes conexas, e at\u00e9 j\u00e1 foi concorrente ao Big Brother Famosos \u2014 perceber isso \u00e9 ver a \u201crealidade medi\u00e1tica\u201d a desabar-nos em cima como um universo paralelo a colidir com o nosso.<\/p>\n<p>Tamb\u00e9m \u00e9 o momento em que, esgotada a possibilidade da performance ficcional como raiz e motor de La Vie de Maria Manuela, o seu parco interesse desaba.<\/p>\n<p>Ter\u00edamos muito prazer em conhecer Maria Manuela, mas o filme n\u00e3o nos d\u00e1 a conhecer nada, parece ele pr\u00f3prio uma colec\u00e7\u00e3o de reels e afins para exibi\u00e7\u00e3o em redes sociais, n\u00e3o tem perspectiva que n\u00e3o se confunda com uma forma promocional, raramente abre o quadro para englobar o lugar de Maria Manuela (que nas redes tem o cognome de Marie) na sua sociedade e na sua fam\u00edlia, e quando o faz f\u00e1-lo sempre abreviadamente, quase aleatoriamente (ver a cena, cheia de nada, com o pai e as funda\u00e7\u00f5es da nova casa familiar, perto do fim).<\/p>\n<p>        &#13;<br \/>\n            &#13;<\/p>\n<p>Repare-se bem no que dizemos: esta Maria Manuela dita Marie seria um assunto de document\u00e1rio (ou de fic\u00e7\u00e3o) t\u00e3o bom como outro qualquer, e este filme podia ser um Na Cama com Madonna\u200b \u00e0 escala do nosso entretenimento popular. Mas n\u00e3o \u00e9, infelizmente, nada que se assemelhe.<\/p>\n<p>        &#13;<br \/>\n            &#13;<\/p>\n<p>                &#13;<br \/>\n                    &#13;<br \/>\n                    &#13;<br \/>\n                        &#13;<br \/>\n                    &#13;<\/p>\n","protected":false},"excerpt":{"rendered":"Eis algo para nos fazer sentir bem separados da (suposta) \u201crealidade medi\u00e1tica\u201d. Passamos o visionamento de La Vie&hellip;\n","protected":false},"author":2,"featured_media":266080,"comment_status":"","ping_status":"","sticky":false,"template":"","format":"standard","meta":{"footnotes":"","_share_on_mastodon":"0"},"categories":[85],"tags":[470,955,315,1413,114,115,1757,9500,32,33],"class_list":["post-266079","post","type-post","status-publish","format-standard","has-post-thumbnail","category-entretenimento","tag-cinema","tag-critica","tag-cultura","tag-cultura-ipsilon","tag-entertainment","tag-entretenimento","tag-ipsilon","tag-ipsilon-papel","tag-portugal","tag-pt"],"share_on_mastodon":{"url":"https:\/\/pubeurope.com\/@pt\/116053931635827112","error":""},"_links":{"self":[{"href":"https:\/\/www.europesays.com\/pt\/wp-json\/wp\/v2\/posts\/266079","targetHints":{"allow":["GET"]}}],"collection":[{"href":"https:\/\/www.europesays.com\/pt\/wp-json\/wp\/v2\/posts"}],"about":[{"href":"https:\/\/www.europesays.com\/pt\/wp-json\/wp\/v2\/types\/post"}],"author":[{"embeddable":true,"href":"https:\/\/www.europesays.com\/pt\/wp-json\/wp\/v2\/users\/2"}],"replies":[{"embeddable":true,"href":"https:\/\/www.europesays.com\/pt\/wp-json\/wp\/v2\/comments?post=266079"}],"version-history":[{"count":0,"href":"https:\/\/www.europesays.com\/pt\/wp-json\/wp\/v2\/posts\/266079\/revisions"}],"wp:featuredmedia":[{"embeddable":true,"href":"https:\/\/www.europesays.com\/pt\/wp-json\/wp\/v2\/media\/266080"}],"wp:attachment":[{"href":"https:\/\/www.europesays.com\/pt\/wp-json\/wp\/v2\/media?parent=266079"}],"wp:term":[{"taxonomy":"category","embeddable":true,"href":"https:\/\/www.europesays.com\/pt\/wp-json\/wp\/v2\/categories?post=266079"},{"taxonomy":"post_tag","embeddable":true,"href":"https:\/\/www.europesays.com\/pt\/wp-json\/wp\/v2\/tags?post=266079"}],"curies":[{"name":"wp","href":"https:\/\/api.w.org\/{rel}","templated":true}]}}