{"id":266668,"date":"2026-02-12T08:45:07","date_gmt":"2026-02-12T08:45:07","guid":{"rendered":"https:\/\/www.europesays.com\/pt\/266668\/"},"modified":"2026-02-12T08:45:07","modified_gmt":"2026-02-12T08:45:07","slug":"ex-concorrente-do-big-brother-vai-para-zona-critica-e-apoia-vitimas-de-tempestades-pronto-para-ajudar","status":"publish","type":"post","link":"https:\/\/www.europesays.com\/pt\/266668\/","title":{"rendered":"Ex-concorrente do &#8220;Big Brother&#8221; vai para zona cr\u00edtica e apoia v\u00edtimas de tempestades: &#8220;Pronto para ajudar&#8221;"},"content":{"rendered":"<p>Ferreira do Z\u00eazere \u00e9 uma das muitas localidades afetadas pela sucess\u00e3o de tempestades que se tem verificado em Portugal. Foi a esta vila do distrito de Santar\u00e9m que <a href=\"https:\/\/selfie.iol.pt\/famosos\/big-brother-2025\/um-dia-apos-saida-do-big-brother-manuel-cavaco-comunica-decisao-ate-ja\/20250616\/68502f95d34ef72ee4473ee2\" target=\"_blank\" rel=\"nofollow noopener\">Manuel Cavaco<\/a> rumou para, em colabora\u00e7\u00e3o com uma organiza\u00e7\u00e3o, auxiliar as v\u00edtimas do mau tempo.<\/p>\n<p>&#8220;Cheguei ontem a Ferreira do Z\u00eazere. Fico c\u00e1 at\u00e9 sexta com a Just a Change, pronto para ajudar no que for preciso a apoiar quem perdeu tudo nestas tempestades&#8221; escreveu o ex-concorrente do reality show da <a href=\"https:\/\/tvi.iol.pt\/\" target=\"_blank\" rel=\"nofollow noopener\">TVI<\/a> &#8220;<a href=\"https:\/\/tvi.iol.pt\/bigbrother\/\" target=\"_blank\" rel=\"nofollow noopener\">Big Brother<\/a> 2025&#8243;, esta quarta-feira, dia 11, no Instagram.<\/p>\n<p>&#8220;N\u00e3o h\u00e1 rede em Ferreira do Z\u00eazere, por isso, n\u00e3o esperem um enorme feedback por estes lados t\u00e3o cedo. Quando conseguir, partilho tudo, de forma a perceberem como podem fazer parte e integrar este projeto!&#8221;, prometeu ainda <a href=\"https:\/\/selfie.iol.pt\/famosos\/big-brother\/e-oficial-apos-seis-meses-manuel-cavaco-anuncia-conversamos-e-vamos-reatar-a-nossa-relacao\/20250907\/68bd875bd34ee0c2fecfc891\" target=\"_blank\" rel=\"nofollow noopener\">Manuel Cavaco<\/a>.<\/p>\n<p style=\"text-align:center\"><img loading=\"lazy\" decoding=\"async\" alt=\"\" height=\"889\" src=\"https:\/\/www.europesays.com\/pt\/wp-content\/uploads\/2026\/02\/698c5ca7d34e0ec52ec36cd5.webp\" width=\"500\"\/><\/p>\n<p>\u00a0<\/p>\n","protected":false},"excerpt":{"rendered":"Ferreira do Z\u00eazere \u00e9 uma das muitas localidades afetadas pela sucess\u00e3o de tempestades que se tem verificado em&hellip;\n","protected":false},"author":2,"featured_media":266669,"comment_status":"","ping_status":"","sticky":false,"template":"","format":"standard","meta":{"footnotes":"","_share_on_mastodon":"0"},"categories":[142],"tags":[6308,6812,48,6810,114,115,6309,980,1015,20734,619,32,33,1014,1012,151,162],"class_list":["post-266668","post","type-post","status-publish","format-standard","has-post-thumbnail","category-tv","tag-bb","tag-bb2025","tag-big-brother","tag-big-brother-2025","tag-entertainment","tag-entretenimento","tag-ex-concorrente","tag-famosos","tag-instagram","tag-manuel-cavaco","tag-nacional","tag-portugal","tag-pt","tag-reality-show","tag-selfie","tag-tv","tag-tvi"],"share_on_mastodon":{"url":"https:\/\/pubeurope.com\/@pt\/116056786492081950","error":""},"_links":{"self":[{"href":"https:\/\/www.europesays.com\/pt\/wp-json\/wp\/v2\/posts\/266668","targetHints":{"allow":["GET"]}}],"collection":[{"href":"https:\/\/www.europesays.com\/pt\/wp-json\/wp\/v2\/posts"}],"about":[{"href":"https:\/\/www.europesays.com\/pt\/wp-json\/wp\/v2\/types\/post"}],"author":[{"embeddable":true,"href":"https:\/\/www.europesays.com\/pt\/wp-json\/wp\/v2\/users\/2"}],"replies":[{"embeddable":true,"href":"https:\/\/www.europesays.com\/pt\/wp-json\/wp\/v2\/comments?post=266668"}],"version-history":[{"count":0,"href":"https:\/\/www.europesays.com\/pt\/wp-json\/wp\/v2\/posts\/266668\/revisions"}],"wp:featuredmedia":[{"embeddable":true,"href":"https:\/\/www.europesays.com\/pt\/wp-json\/wp\/v2\/media\/266669"}],"wp:attachment":[{"href":"https:\/\/www.europesays.com\/pt\/wp-json\/wp\/v2\/media?parent=266668"}],"wp:term":[{"taxonomy":"category","embeddable":true,"href":"https:\/\/www.europesays.com\/pt\/wp-json\/wp\/v2\/categories?post=266668"},{"taxonomy":"post_tag","embeddable":true,"href":"https:\/\/www.europesays.com\/pt\/wp-json\/wp\/v2\/tags?post=266668"}],"curies":[{"name":"wp","href":"https:\/\/api.w.org\/{rel}","templated":true}]}}