{"id":266732,"date":"2026-02-12T10:00:10","date_gmt":"2026-02-12T10:00:10","guid":{"rendered":"https:\/\/www.europesays.com\/pt\/266732\/"},"modified":"2026-02-12T10:00:10","modified_gmt":"2026-02-12T10:00:10","slug":"fbi-divulga-imagens-de-suspeito-ligado-ao-desaparecimento-da-mae-de-famosa-apresentadora","status":"publish","type":"post","link":"https:\/\/www.europesays.com\/pt\/266732\/","title":{"rendered":"FBI divulga imagens de suspeito ligado ao desaparecimento da m\u00e3e de famosa apresentadora"},"content":{"rendered":"<p data-remotead-prev-elm=\"true\" data-remotead-elm-id=\"inread\">Acredita-se que Nancy, m\u00e3e da jornalista do canal &#8220;NBC News&#8221; Savannah Guthrie, tenha sido levada da sua resid\u00eancia, no Arizona, entre 31 de janeiro e 1 de fevereiro.<\/p>\n<blockquote data-type=\"articles\" data-id=\"related-article-18048965\"><p>\n              <strong>Leia tamb\u00e9m <\/strong><br \/>\n              <a href=\"https:\/\/www.jn.pt\/pessoas\/artigo\/mae-de-famosa-apresentadora-dos-eua-tera-sido-raptada-encontrado-sangue-na-entrada-de-casa\/18048965\" rel=\"nofollow noopener\" target=\"_blank\">M\u00e3e de famosa apresentadora dos EUA ter\u00e1 sido raptada. Encontrado sangue na entrada de casa<\/a>\n            <\/p><\/blockquote>\n<p data-remotead-prev-elm=\"true\" data-remotead-elm-id=\"inread2\">Kash Patel, diretor do FBI, publicou no X seis fotos e tr\u00eas v\u00eddeos que mostram um indiv\u00edduo com o rosto coberto na entrada da casa de Nancy, de 84 anos. &#8220;As autoridades revelaram na manh\u00e3 de hoje estas novas imagens, antes inacess\u00edveis, que mostram um indiv\u00edduo armado aparentemente a mexer na c\u00e2mara da porta de entrada de Nancy Guthrie na manh\u00e3 do seu desaparecimento&#8221;, escreveu Patel.<\/p>\n<blockquote class=\"twitter-tweet\">\n<p>New images in the search for Nancy Guthrie:<\/p>\n<p>Over the last eight days, the FBI and Pima County Sheriff&#8221;s Department have been working closely with our private sector partners to continue to recover any images or video footage from Nancy Guthrie&#8221;s home that may have been lost,&#8230; <a href=\"https:\/\/t.co\/z5WLgPtZpT\" rel=\"nofollow\">pic.twitter.com\/z5WLgPtZpT<\/a><\/p>\n<p>&#8211; FBI Director Kash Patel (@FBIDirectorKash) <a href=\"https:\/\/twitter.com\/FBIDirectorKash\/status\/2021281103454072983?ref_src=twsrc%5Etfw\" rel=\"nofollow noopener\" target=\"_blank\">February 10, 2026<\/a><\/p><\/blockquote>\n<p>As imagens divulgadas pelo FBI mostram um indiv\u00edduo encapuzado, usando um casaco, luvas e mochila, aproximando-se da entrada da casa de Nancy. Parece mexer na c\u00e2mara durante alguns segundos, antes de se afastar para arrancar plantas e us\u00e1-las para cobrir a c\u00e2mara.<\/p>\n<p>Segundo a porta-voz da Casa Branca, o presidente norte-americano Donald Trump tamb\u00e9m viu as imagens. &#8220;O presidente incentiva qualquer americano, em todo o pa\u00eds, que tenha informa\u00e7\u00f5es sobre o suspeito a procurar o FBI&#8221;.<\/p>\n<p data-remotead-prev-elm=\"true\" data-remotead-elm-id=\"centro1\"><img decoding=\"async\" class=\"ngx-body\" guid=\"4e5ab812-d69a-4f2f-9b09-1a667ebcfedc\" src=\"https:\/\/www.europesays.com\/pt\/wp-content\/uploads\/2026\/02\/1770890410_840_image.webp.webp\" width=\"100%\"\/>Foto: Brandon Bell\/Getty Images via AFP<\/p>\n<p>Homem detido e libertado pouco depois<\/p>\n<p>Na noite de ter\u00e7a-feira, nove dias ap\u00f3s o desaparecimento de Nancy, o departamento do xerife do condado de Pima anunciou que os agentes &#8220;detiveram um indiv\u00edduo durante uma abordagem de tr\u00e2nsito&#8221; e que a pessoa estava &#8220;a ser interrogada em conex\u00e3o com a investiga\u00e7\u00e3o do caso Nancy Guthrie&#8221;.<\/p>\n<p>Por\u00e9m o homem foi libertado na manh\u00e3 de quarta-feira ap\u00f3s v\u00e1rias horas de interrogat\u00f3rio, de acordo com o jornal brit\u00e2nico &#8220;The Guardian&#8221;. O indiv\u00edduo, que se identificou aos jornalistas como Carlos Palazuelos, disse ter sido abordado pela pol\u00edcia na ter\u00e7a-feira em Rio Rico, a cerca de uma hora de carro da casa na regi\u00e3o de Tucson de onde Nancy foi dada como desaparecida. &#8220;Espero que apanhem o suspeito porque eu n\u00e3o sou ele&#8221;, garantindo ao &#8220;The New York Times&#8221;.<\/p>\n<p data-remotead-prev-elm=\"true\" data-remotead-elm-id=\"centro2\">Autoridades locais reportaram, na semana passada, que a c\u00e2mara da campainha da resid\u00eancia de Nancy tinha sido desligada \u00e0s 1.47 horas de dia 1 de fevereiro. O software detetou a presen\u00e7a de uma pessoa \u00e0s 2.12 horas, mas n\u00e3o havia nenhum v\u00eddeo dispon\u00edvel.<\/p>\n<p>Savannah Guthrie explicou, na segunda-feira, no Instagram que acreditava que a m\u00e3e &#8220;continuava viva&#8221;, mas que a fam\u00edlia tinha chegado &#8220;ao momento do desespero&#8221;. Familiares temem pela vida de Nancy caso n\u00e3o siga o tratamento prescrito para os seus problemas card\u00edacos.<\/p>\n<p>A pol\u00edcia federal norte-americana informou que a fam\u00edlia de Nancy recebeu cartas com pedidos de resgate.<\/p>\n<p><script async src=\"https:\/\/platform.twitter.com\/widgets.js\" charset=\"utf-8\"><\/script><\/p>\n","protected":false},"excerpt":{"rendered":"Acredita-se que Nancy, m\u00e3e da jornalista do canal &#8220;NBC News&#8221; Savannah Guthrie, tenha sido levada da sua resid\u00eancia,&hellip;\n","protected":false},"author":2,"featured_media":266733,"comment_status":"","ping_status":"","sticky":false,"template":"","format":"standard","meta":{"footnotes":"","_share_on_mastodon":"0"},"categories":[85],"tags":[604,114,115,413,19459,32,33,12254],"class_list":["post-266732","post","type-post","status-publish","format-standard","has-post-thumbnail","category-entretenimento","tag-crime","tag-entertainment","tag-entretenimento","tag-eua","tag-ntv","tag-portugal","tag-pt","tag-rapto"],"share_on_mastodon":{"url":"https:\/\/pubeurope.com\/@pt\/116057081564518398","error":""},"_links":{"self":[{"href":"https:\/\/www.europesays.com\/pt\/wp-json\/wp\/v2\/posts\/266732","targetHints":{"allow":["GET"]}}],"collection":[{"href":"https:\/\/www.europesays.com\/pt\/wp-json\/wp\/v2\/posts"}],"about":[{"href":"https:\/\/www.europesays.com\/pt\/wp-json\/wp\/v2\/types\/post"}],"author":[{"embeddable":true,"href":"https:\/\/www.europesays.com\/pt\/wp-json\/wp\/v2\/users\/2"}],"replies":[{"embeddable":true,"href":"https:\/\/www.europesays.com\/pt\/wp-json\/wp\/v2\/comments?post=266732"}],"version-history":[{"count":0,"href":"https:\/\/www.europesays.com\/pt\/wp-json\/wp\/v2\/posts\/266732\/revisions"}],"wp:featuredmedia":[{"embeddable":true,"href":"https:\/\/www.europesays.com\/pt\/wp-json\/wp\/v2\/media\/266733"}],"wp:attachment":[{"href":"https:\/\/www.europesays.com\/pt\/wp-json\/wp\/v2\/media?parent=266732"}],"wp:term":[{"taxonomy":"category","embeddable":true,"href":"https:\/\/www.europesays.com\/pt\/wp-json\/wp\/v2\/categories?post=266732"},{"taxonomy":"post_tag","embeddable":true,"href":"https:\/\/www.europesays.com\/pt\/wp-json\/wp\/v2\/tags?post=266732"}],"curies":[{"name":"wp","href":"https:\/\/api.w.org\/{rel}","templated":true}]}}