{"id":266750,"date":"2026-02-12T10:18:20","date_gmt":"2026-02-12T10:18:20","guid":{"rendered":"https:\/\/www.europesays.com\/pt\/266750\/"},"modified":"2026-02-12T10:18:20","modified_gmt":"2026-02-12T10:18:20","slug":"foi-um-orgulho-muito-grande-nao-ha-palavras-diz-mulher-salva-pelo-filho-de-nove-anos","status":"publish","type":"post","link":"https:\/\/www.europesays.com\/pt\/266750\/","title":{"rendered":"&#8220;Foi um orgulho muito grande, n\u00e3o h\u00e1 palavras&#8221;, diz mulher salva pelo filho de nove anos"},"content":{"rendered":"<p data-remotead-prev-elm=\"true\" data-remotead-elm-id=\"inread\">Ao JN, a m\u00e3e, Naidi Lley Pinto, natural de S\u00e3o Tom\u00e9 e Princ\u00edpe e residente em Portugal desde 2009, descreveu com emo\u00e7\u00e3o a forma como o filho, Rodrigo, conseguiu pedir ajuda e tranquilizar os irm\u00e3os. &#8220;Quando vi o v\u00eddeo, percebi a maturidade dele. Foi um orgulho muito grande. N\u00e3o h\u00e1 palavras para descrever, acalmou os manos e conseguiu falar com tranquilidade com o 112. Estou muito, muito, muito orgulhosa dele. Na altura, n\u00e3o tive no\u00e7\u00e3o de nada&#8221;.<\/p>\n","protected":false},"excerpt":{"rendered":"Ao JN, a m\u00e3e, Naidi Lley Pinto, natural de S\u00e3o Tom\u00e9 e Princ\u00edpe e residente em Portugal desde&hellip;\n","protected":false},"author":2,"featured_media":266751,"comment_status":"","ping_status":"","sticky":false,"template":"","format":"standard","meta":{"footnotes":"","_share_on_mastodon":"0"},"categories":[10],"tags":[39836,27,28,2047,15,16,14,25,26,21,22,619,12,13,19,20,32,23,24,33,17,18,29,30,31],"class_list":["post-266750","post","type-post","status-publish","format-standard","has-post-thumbnail","category-portugal","tag-39836","tag-breaking-news","tag-breakingnews","tag-emergencia","tag-featured-news","tag-featurednews","tag-headlines","tag-latest-news","tag-latestnews","tag-main-news","tag-mainnews","tag-nacional","tag-news","tag-noticias","tag-noticias-principais","tag-noticiasprincipais","tag-portugal","tag-principais-noticias","tag-principaisnoticias","tag-pt","tag-top-stories","tag-topstories","tag-ultimas","tag-ultimas-noticias","tag-ultimasnoticias"],"share_on_mastodon":{"url":"https:\/\/pubeurope.com\/@pt\/116057152063877706","error":""},"_links":{"self":[{"href":"https:\/\/www.europesays.com\/pt\/wp-json\/wp\/v2\/posts\/266750","targetHints":{"allow":["GET"]}}],"collection":[{"href":"https:\/\/www.europesays.com\/pt\/wp-json\/wp\/v2\/posts"}],"about":[{"href":"https:\/\/www.europesays.com\/pt\/wp-json\/wp\/v2\/types\/post"}],"author":[{"embeddable":true,"href":"https:\/\/www.europesays.com\/pt\/wp-json\/wp\/v2\/users\/2"}],"replies":[{"embeddable":true,"href":"https:\/\/www.europesays.com\/pt\/wp-json\/wp\/v2\/comments?post=266750"}],"version-history":[{"count":0,"href":"https:\/\/www.europesays.com\/pt\/wp-json\/wp\/v2\/posts\/266750\/revisions"}],"wp:featuredmedia":[{"embeddable":true,"href":"https:\/\/www.europesays.com\/pt\/wp-json\/wp\/v2\/media\/266751"}],"wp:attachment":[{"href":"https:\/\/www.europesays.com\/pt\/wp-json\/wp\/v2\/media?parent=266750"}],"wp:term":[{"taxonomy":"category","embeddable":true,"href":"https:\/\/www.europesays.com\/pt\/wp-json\/wp\/v2\/categories?post=266750"},{"taxonomy":"post_tag","embeddable":true,"href":"https:\/\/www.europesays.com\/pt\/wp-json\/wp\/v2\/tags?post=266750"}],"curies":[{"name":"wp","href":"https:\/\/api.w.org\/{rel}","templated":true}]}}