{"id":26678,"date":"2025-08-12T19:54:34","date_gmt":"2025-08-12T19:54:34","guid":{"rendered":"https:\/\/www.europesays.com\/pt\/26678\/"},"modified":"2025-08-12T19:54:34","modified_gmt":"2025-08-12T19:54:34","slug":"sobe-para-oito-o-numero-de-mortos-apos-chuvas-em-sao-vicente","status":"publish","type":"post","link":"https:\/\/www.europesays.com\/pt\/26678\/","title":{"rendered":"Sobe para oito o n\u00famero de mortos ap\u00f3s chuvas em S\u00e3o Vicente"},"content":{"rendered":"<p>O n\u00famero de v\u00edtimas mortais causadas pelas chuvas na madrugada de segunda-feira na ilha de S\u00e3o Vicente subiu para oito, avan\u00e7ou hoje o vereador da Protec\u00e7\u00e3o Civil local.<\/p>\n<p>&#8220;Sete s\u00e3o resultado das cheias e um foi electrocutado. Temos tr\u00eas desaparecidos e um bom n\u00famero de desalojados que est\u00e3o a ser apoiados&#8221;, afirmou o vereador para a Protec\u00e7\u00e3o Civil, Ambiente e Saneamento da ilha de S\u00e3o Vicente, Jos\u00e9 Carlos da Luz, citado pela R\u00e1dio de Cabo Verde (RCV).<\/p>\n<p>Segundo o respons\u00e1vel, est\u00e3o 12 pessoas desalojadas.<\/p>\n<p>Imagens divulgadas mostram ruas inundadas e casas parcialmente destru\u00eddas, com pavimentos e cal\u00e7adas levantados e detritos espalhados, evidenciando a for\u00e7a das chuvas.<\/p>\n<p>Al\u00e9m disso, v\u00e1rias viaturas e estabelecimentos comerciais foram destru\u00eddos.<\/p>\n<p>O governo decretou luto nacional de dois dias, a partir de hoje, na sequ\u00eancia da passagem de uma tempestade que causou mortes e danos materiais nas ilhas de S\u00e3o Vicente e Santo Ant\u00e3o.<\/p>\n","protected":false},"excerpt":{"rendered":"O n\u00famero de v\u00edtimas mortais causadas pelas chuvas na madrugada de segunda-feira na ilha de S\u00e3o Vicente subiu&hellip;\n","protected":false},"author":2,"featured_media":26679,"comment_status":"","ping_status":"","sticky":false,"template":"","format":"standard","meta":{"footnotes":""},"categories":[8],"tags":[27,28,9197,9198,15,16,14,9200,25,26,21,22,3019,12,13,19,20,32,23,24,33,8531,9196,17,18,29,30,31,9199],"class_list":{"0":"post-26678","1":"post","2":"type-post","3":"status-publish","4":"format-standard","5":"has-post-thumbnail","7":"category-principais-noticias","8":"tag-breaking-news","9":"tag-breakingnews","10":"tag-chuvas","11":"tag-desaparecidos","12":"tag-featured-news","13":"tag-featurednews","14":"tag-headlines","15":"tag-jose-carlos-da-luz","16":"tag-latest-news","17":"tag-latestnews","18":"tag-main-news","19":"tag-mainnews","20":"tag-mortos","21":"tag-news","22":"tag-noticias","23":"tag-noticias-principais","24":"tag-noticiasprincipais","25":"tag-portugal","26":"tag-principais-noticias","27":"tag-principaisnoticias","28":"tag-pt","29":"tag-sao-vicente","30":"tag-tempestade-tropical","31":"tag-top-stories","32":"tag-topstories","33":"tag-ultimas","34":"tag-ultimas-noticias","35":"tag-ultimasnoticias","36":"tag-vereador-para-a-proteccao-civil-ambiente-e-saneamento-da-ilha-de-sao-vicente"},"share_on_mastodon":{"url":"","error":""},"_links":{"self":[{"href":"https:\/\/www.europesays.com\/pt\/wp-json\/wp\/v2\/posts\/26678","targetHints":{"allow":["GET"]}}],"collection":[{"href":"https:\/\/www.europesays.com\/pt\/wp-json\/wp\/v2\/posts"}],"about":[{"href":"https:\/\/www.europesays.com\/pt\/wp-json\/wp\/v2\/types\/post"}],"author":[{"embeddable":true,"href":"https:\/\/www.europesays.com\/pt\/wp-json\/wp\/v2\/users\/2"}],"replies":[{"embeddable":true,"href":"https:\/\/www.europesays.com\/pt\/wp-json\/wp\/v2\/comments?post=26678"}],"version-history":[{"count":0,"href":"https:\/\/www.europesays.com\/pt\/wp-json\/wp\/v2\/posts\/26678\/revisions"}],"wp:featuredmedia":[{"embeddable":true,"href":"https:\/\/www.europesays.com\/pt\/wp-json\/wp\/v2\/media\/26679"}],"wp:attachment":[{"href":"https:\/\/www.europesays.com\/pt\/wp-json\/wp\/v2\/media?parent=26678"}],"wp:term":[{"taxonomy":"category","embeddable":true,"href":"https:\/\/www.europesays.com\/pt\/wp-json\/wp\/v2\/categories?post=26678"},{"taxonomy":"post_tag","embeddable":true,"href":"https:\/\/www.europesays.com\/pt\/wp-json\/wp\/v2\/tags?post=26678"}],"curies":[{"name":"wp","href":"https:\/\/api.w.org\/{rel}","templated":true}]}}