{"id":26700,"date":"2025-08-12T20:17:16","date_gmt":"2025-08-12T20:17:16","guid":{"rendered":"https:\/\/www.europesays.com\/pt\/26700\/"},"modified":"2025-08-12T20:17:16","modified_gmt":"2025-08-12T20:17:16","slug":"o-album-de-roger-waters-a-ser-evitado-segundo-a-revista-classic-rock","status":"publish","type":"post","link":"https:\/\/www.europesays.com\/pt\/26700\/","title":{"rendered":"O \u00e1lbum de Roger Waters a ser evitado, segundo a revista Classic Rock"},"content":{"rendered":"\n<p>Entre seu trabalho com o <strong><a href=\"https:\/\/igormiranda.com.br\/tag\/pink-floyd\/\" target=\"_blank\" rel=\"noreferrer noopener nofollow\">Pink Floyd<\/a><\/strong> e em carreira solo, <strong><a href=\"https:\/\/igormiranda.com.br\/tag\/roger-waters\/\" target=\"_blank\" rel=\"noreferrer noopener nofollow\">Roger Waters<\/a><\/strong> produziu uma discografia variada e com pe\u00e7as de grande import\u00e2ncia. No meio de tudo isso, a revista <a href=\"https:\/\/www.loudersound.com\/music\/albums\/roger-waters-best-albums\" target=\"_blank\" rel=\"noreferrer noopener nofollow\">Classic Rock<\/a> resolveu escolher um trabalho do m\u00fasico que deve ser evitado \u2014 e, de fato, \u00e9 algo bem diferente do que estamos acostumados a ouvir dele.<\/p>\n<p>Na verdade, nenhum dos \u00e1lbuns solo de Waters e nem mesmo os 12 que ele gravou com o Pink Floyd foram escolhidos. A cita\u00e7\u00e3o da revista vai para uma \u00f3pera lan\u00e7ada pelo artista em 2005: <strong>\u201c\u00c7a Ira\u201d<\/strong>.<\/p>\n<p>&#8211; Advertisement &#8211;<\/p>\n<p>A pe\u00e7a teve seu libreto escrito por <strong>\u00c9tienne<\/strong> e <strong>Nadine Roda-Gil<\/strong>, que sugeriram a Roger que compusesse a parte musical em 1987. A vers\u00e3o em ingl\u00eas foi feita em 1989.<\/p>\n<p>A \u00f3pera dividiu opini\u00f5es e foi considerada simplista demais pela cr\u00edtica, al\u00e9m de ter a parte l\u00edrica muito descritiva, o que dificultaria sua execu\u00e7\u00e3o em um teatro. J\u00e1 a Classic Rock, em texto assinado por Hugh Fielder e David Quantick, disse o seguinte:<\/p>\n<p>\u201cCompor uma \u00f3pera cl\u00e1ssica foi uma a\u00e7\u00e3o corajosa de Waters. Ele tinha suas raz\u00f5es para fazer isso: a din\u00e2mica da \u00f3pera n\u00e3o est\u00e1 a milh\u00f5es de quil\u00f4metros dos instintos progressivos do pr\u00f3prio Waters, e o tema da pe\u00e7a \u2013 a Revolu\u00e7\u00e3o Francesa \u2013 tem diversos paralelos com suas pr\u00f3prias obsess\u00f5es contempor\u00e2neas.<\/p>\n<p>Mas o fato \u00e9 que \u00f3pera, como rock progressivo, \u00e9 tanto uma moda quanto um estilo musical, e \u00e9 melhor definida por aqueles que foram seus pioneiros. Waters fez o reconhec\u00edvel trabalho de recriar uma \u00f3pera cl\u00e1ssica que \u00e9 mais forte em atmosfera do que em \u00e1rias que voc\u00ea pode cantar no chuveiro. Mas realmente, se voc\u00ea quer ouvir uma \u00f3pera, \u00e9 melhor ouvir algo de (<strong>Giacomo<\/strong>) <strong>Puccini<\/strong>.\u201d<\/p>\n<p> A \u00f3pera de Roger Waters <\/p>\n<p>A vers\u00e3o inicial de \u201c\u00c7a Ira\u201d agradou ao presidente franc\u00eas da \u00e9poca, <strong>Fran\u00e7ois Mitterand<\/strong>, que pediu para a \u00d3pera de Paris fazer a montagem do espet\u00e1culo em comemora\u00e7\u00e3o ao bicenten\u00e1rio da Revolu\u00e7\u00e3o Francesa. N\u00e3o deu certo. Em 2005, o normalmente verborr\u00e1gico Waters declarou \u00e0 Mojo:<\/p>\n<p>\u201cEla (a \u00f3pera) afundou em chauvinismo franc\u00eas. A ideia de um baixista ingl\u00eas de um grupo pop criar algo que eles poderiam usar em sua celebra\u00e7\u00e3o incomodou os gauleses.\u201d<\/p>\n<p>Esquecida por anos, a \u00f3pera fez sua estreia apenas em 2005, quando tamb\u00e9m foi lan\u00e7ada como \u00e1lbum. \u201c\u00c7a Ira\u201d teve montagens na It\u00e1lia, Pol\u00f4nia, Ucr\u00e2nia, Pa\u00edses Baixos, Su\u00e9cia, Estados Unidos e duas vezes no Brasil. A saber:<\/p>\n<ul class=\"wp-block-list\">\n<li>A primeira em 2008, com tr\u00eas execu\u00e7\u00f5es no Teatro Amazonas, em Manaus, como parte do Festival Amazonas de \u00d3pera;<\/li>\n<li>A segunda em 2013, com quatro performances no Theatro Municipal de S\u00e3o Paulo.<\/li>\n<\/ul>\n<p>Roger Waters sabia que ter composto uma \u00f3pera dividiria opini\u00f5es. Em 2005, afirmou, tamb\u00e9m \u00e0 Mojo:<\/p>\n<p>\u201cEu n\u00e3o tenho ideia de quantas pessoas (a \u00f3pera) vai atrair. De jeito nenhum vai atrair as pessoas da mesma forma de <strong>\u2018The Dark Side of the Moon\u2019<\/strong> (\u00e1lbum cl\u00e1ssico do Pink Floyd de 1973). \u00c9 algo diferente. Eu gostaria de dizer que n\u00e3o me importo, mas obviamente me importo.\u201d<\/p>\n<p><strong>Clique<\/strong> para seguir IgorMiranda.com.br no: <a href=\"https:\/\/instagram.com\/igormirandasite\" target=\"_blank\" rel=\"noreferrer noopener nofollow\">Instagram<\/a> | <a href=\"https:\/\/bsky.app\/profile\/igormirandasite.bsky.social\" target=\"_blank\" rel=\"noreferrer noopener nofollow\">Bluesky<\/a> | <a href=\"https:\/\/twitter.com\/igormirandasite\" target=\"_blank\" rel=\"noreferrer noopener nofollow\">Twitter<\/a> | <a href=\"https:\/\/tiktok.com\/@igormirandasite\" target=\"_blank\" rel=\"noreferrer noopener nofollow\">TikTok<\/a> | <a href=\"https:\/\/facebook.com\/igormirandasite\" target=\"_blank\" rel=\"noreferrer noopener nofollow\">Facebook<\/a> | <a href=\"https:\/\/www.youtube.com\/igormirandasite\" target=\"_blank\" rel=\"noreferrer noopener nofollow\">YouTube<\/a> | <a href=\"https:\/\/www.threads.net\/@igormirandasite\" target=\"_blank\" rel=\"noreferrer noopener nofollow\">Threads<\/a>.<\/p>\n<p> <script async src=\"https:\/\/platform.twitter.com\/widgets.js\" charset=\"utf-8\"><\/script><script async src=\"\/\/www.instagram.com\/embed.js\"><\/script><script async src=\"\/\/www.tiktok.com\/embed.js\"><\/script><\/p>\n","protected":false},"excerpt":{"rendered":"Entre seu trabalho com o Pink Floyd e em carreira solo, Roger Waters produziu uma discografia variada e&hellip;\n","protected":false},"author":2,"featured_media":26701,"comment_status":"","ping_status":"","sticky":false,"template":"","format":"standard","meta":{"footnotes":""},"categories":[141],"tags":[114,115,149,150,9202,32,33,9203],"class_list":{"0":"post-26700","1":"post","2":"type-post","3":"status-publish","4":"format-standard","5":"has-post-thumbnail","7":"category-musica","8":"tag-entertainment","9":"tag-entretenimento","10":"tag-music","11":"tag-musica","12":"tag-pink-floyd","13":"tag-portugal","14":"tag-pt","15":"tag-roger-waters"},"share_on_mastodon":{"url":"","error":""},"_links":{"self":[{"href":"https:\/\/www.europesays.com\/pt\/wp-json\/wp\/v2\/posts\/26700","targetHints":{"allow":["GET"]}}],"collection":[{"href":"https:\/\/www.europesays.com\/pt\/wp-json\/wp\/v2\/posts"}],"about":[{"href":"https:\/\/www.europesays.com\/pt\/wp-json\/wp\/v2\/types\/post"}],"author":[{"embeddable":true,"href":"https:\/\/www.europesays.com\/pt\/wp-json\/wp\/v2\/users\/2"}],"replies":[{"embeddable":true,"href":"https:\/\/www.europesays.com\/pt\/wp-json\/wp\/v2\/comments?post=26700"}],"version-history":[{"count":0,"href":"https:\/\/www.europesays.com\/pt\/wp-json\/wp\/v2\/posts\/26700\/revisions"}],"wp:featuredmedia":[{"embeddable":true,"href":"https:\/\/www.europesays.com\/pt\/wp-json\/wp\/v2\/media\/26701"}],"wp:attachment":[{"href":"https:\/\/www.europesays.com\/pt\/wp-json\/wp\/v2\/media?parent=26700"}],"wp:term":[{"taxonomy":"category","embeddable":true,"href":"https:\/\/www.europesays.com\/pt\/wp-json\/wp\/v2\/categories?post=26700"},{"taxonomy":"post_tag","embeddable":true,"href":"https:\/\/www.europesays.com\/pt\/wp-json\/wp\/v2\/tags?post=26700"}],"curies":[{"name":"wp","href":"https:\/\/api.w.org\/{rel}","templated":true}]}}