{"id":26708,"date":"2025-08-12T20:23:47","date_gmt":"2025-08-12T20:23:47","guid":{"rendered":"https:\/\/www.europesays.com\/pt\/26708\/"},"modified":"2025-08-12T20:23:47","modified_gmt":"2025-08-12T20:23:47","slug":"combustiveis-desceram-e-muito-esta-semana-saiba-quanto-o-jogo","status":"publish","type":"post","link":"https:\/\/www.europesays.com\/pt\/26708\/","title":{"rendered":"Combust\u00edveis desceram (e muito) esta semana. Saiba quanto &#8211; O Jogo"},"content":{"rendered":"<ol>\n<li><a href=\"https:\/\/news.google.com\/rss\/articles\/CBMikAFBVV95cUxQcTladnZicTVsSnBEU0hXNWg2bWZfaG9acG5aU0xSVzJfMXF3QldZLWFIOU5FSU9GYk1RWHR6WFZ5bDF4NmJFZDZfWlpwMmV2RUV4dVI5TzNCc2lKMzc5V0ppM3gtdnNfU0tNNkc3dkVKWkkzWEhUa2hZY2cxcTMtdE05UjJSUFZkS1hFWTdDb0k?oc=5\" target=\"_blank\" rel=\"nofollow noopener\">Combust\u00edveis desceram (e muito) esta semana. Saiba quanto<\/a>&nbsp;&nbsp;O Jogo<\/li>\n<li><a href=\"https:\/\/news.google.com\/rss\/articles\/CBMisgFBVV95cUxPUjA1cXZ4djgtY2c5c3ZYX241SlpnaVZWVzVWTkdqZEd2ZnBsV1JPRUJaX0t2dzVDd1VNbk9uYzEzVFBFQWRsdjFVSXp2MEVqaDRFN21MdllZcHFUTEFycDNXQ1lzejJJTk5kZ2JEclVHX2l4a2RocTctX29WV2l6amIzR1N6Z19GTlprTjNrM3k1RnAtcnRPU2ltRWtPQVR0dWVZUVBPdnRSekRLcXhNaS13?oc=5\" target=\"_blank\" rel=\"nofollow noopener\">Baixaram mesmo? Veja quais s\u00e3o os novos pre\u00e7os dos combust\u00edveis<\/a>&nbsp;&nbsp;Not\u00edcias ao Minuto<\/li>\n<li><a href=\"https:\/\/news.google.com\/rss\/articles\/CBMiwwFBVV95cUxQank4ekU2S2haUENWeGFMdDJxZ0Y1akRZLVdmVlcxeGNDamg5NWxuR01KamRXdlhCZmZrZFBDMnJfNHBsc3d2NF9zU05NU0t3X09kSllrWGNPd1N0RF9MVmRQcV8xRVpNVTlHTWNUb0pnendta2FjdlFuWkliN1UyNXk4TXBKUkNoUnNWUUp0dlNLYmlQUDRxZWhwTjhEME9QVUtaN0hmMDM1eHJwX3puTEdIV09ZcWpONHJJdVRzcmVFRGc?oc=5\" target=\"_blank\" rel=\"nofollow noopener\">Semana arranca com combust\u00edveis mais baratos. Saiba quanto vai poupar para atestar<\/a>&nbsp;&nbsp;Executive Digest<\/li>\n<li><a href=\"https:\/\/news.google.com\/rss\/articles\/CBMisgFBVV95cUxPMlFuYTZ6MkEzSnJIeVZEVmJabkdkbm4zTzBINTd5S09fUXpqT05fZ0ZnOUZVdi04TUZjLUM1R0Y5c0xBbDBRWDdzNmFfM2FwaDFHeEtOVFhLaFpyWnZCdExBY3BSVjFQbDRBQzZSZUJtNE1GenJla25XM2tYVTRIRVk0d1d1UkYyMmhCcks3N04wMG5PckNlc0sxUnpvRzEweGhENUlXMl8xMEVjTFVBM0tB?oc=5\" target=\"_blank\" rel=\"nofollow noopener\">Combust\u00edveis | Qual \u00e9 o pre\u00e7o justo para a semana de 11 a 17 de agosto?<\/a>&nbsp;&nbsp;Contas Poupan\u00e7a<\/li>\n<li><a href=\"https:\/\/news.google.com\/rss\/articles\/CBMimAFBVV95cUxNTjJvYVZlTVF5a2dWeGwwU2phVVZVX2k4RTItVV9mZkNrMHZlNzVTYWFGOFNvdDFwalI0ZVFoTFVKXzBYbEZJejJXSFpGRlRlWVFJdk0wSDRQZEdtcWo0a2Q1dWhhNms1bzJqWHdFd0lEX2JpSU1UclV2aVBJa0gxczFlVDRlcWd0U3VZU2xoNmRTTl9JV0FrbA?oc=5\" target=\"_blank\" rel=\"nofollow noopener\">Combust\u00edveis | Postos mais econ\u00f3micos: Mafra, Sintra e Torres Vedras<\/a>&nbsp;&nbsp;Jornal de Mafra<\/li>\n<\/ol>\n","protected":false},"excerpt":{"rendered":"Combust\u00edveis desceram (e muito) esta semana. Saiba quanto&nbsp;&nbsp;O Jogo Baixaram mesmo? Veja quais s\u00e3o os novos pre\u00e7os dos&hellip;\n","protected":false},"author":2,"featured_media":6341,"comment_status":"","ping_status":"","sticky":false,"template":"","format":"standard","meta":{"footnotes":""},"categories":[83],"tags":[88,89,90,32,33],"class_list":{"0":"post-26708","1":"post","2":"type-post","3":"status-publish","4":"format-standard","5":"has-post-thumbnail","7":"category-empresas","8":"tag-business","9":"tag-economy","10":"tag-empresas","11":"tag-portugal","12":"tag-pt"},"share_on_mastodon":{"url":"","error":""},"_links":{"self":[{"href":"https:\/\/www.europesays.com\/pt\/wp-json\/wp\/v2\/posts\/26708","targetHints":{"allow":["GET"]}}],"collection":[{"href":"https:\/\/www.europesays.com\/pt\/wp-json\/wp\/v2\/posts"}],"about":[{"href":"https:\/\/www.europesays.com\/pt\/wp-json\/wp\/v2\/types\/post"}],"author":[{"embeddable":true,"href":"https:\/\/www.europesays.com\/pt\/wp-json\/wp\/v2\/users\/2"}],"replies":[{"embeddable":true,"href":"https:\/\/www.europesays.com\/pt\/wp-json\/wp\/v2\/comments?post=26708"}],"version-history":[{"count":0,"href":"https:\/\/www.europesays.com\/pt\/wp-json\/wp\/v2\/posts\/26708\/revisions"}],"wp:featuredmedia":[{"embeddable":true,"href":"https:\/\/www.europesays.com\/pt\/wp-json\/wp\/v2\/media\/6341"}],"wp:attachment":[{"href":"https:\/\/www.europesays.com\/pt\/wp-json\/wp\/v2\/media?parent=26708"}],"wp:term":[{"taxonomy":"category","embeddable":true,"href":"https:\/\/www.europesays.com\/pt\/wp-json\/wp\/v2\/categories?post=26708"},{"taxonomy":"post_tag","embeddable":true,"href":"https:\/\/www.europesays.com\/pt\/wp-json\/wp\/v2\/tags?post=26708"}],"curies":[{"name":"wp","href":"https:\/\/api.w.org\/{rel}","templated":true}]}}