{"id":267390,"date":"2026-02-12T20:43:13","date_gmt":"2026-02-12T20:43:13","guid":{"rendered":"https:\/\/www.europesays.com\/pt\/267390\/"},"modified":"2026-02-12T20:43:13","modified_gmt":"2026-02-12T20:43:13","slug":"francisco-monteiro-fica-de-lagrimas-nos-olhos-com-mensagem-inesperada-sempre-conseguiu-ver-o-melhor-de-mim","status":"publish","type":"post","link":"https:\/\/www.europesays.com\/pt\/267390\/","title":{"rendered":"Francisco Monteiro fica de &#8220;l\u00e1grimas nos olhos&#8221; com mensagem inesperada: &#8220;Sempre conseguiu ver o melhor de mim&#8221;"},"content":{"rendered":"<p>Dois anos depois de ter vencido o &#8220;<a href=\"https:\/\/tvi.iol.pt\/bigbrother\/\" target=\"_blank\" rel=\"nofollow noopener\">Big Brother<\/a> 2023&#8243;, Francisco Monteiro continua a surpreender-se com a repercuss\u00e3o da respetiva participa\u00e7\u00e3o no programa da <a href=\"https:\/\/tvi.iol.pt\/\" target=\"_blank\" rel=\"nofollow noopener\">TVI<\/a>.<\/p>\n<p>Nesta quinta-feira, dia 12, Francisco Monteiro partilhou com os seguidores do Instagram o conte\u00fado de uma mensagem enviada por uma pessoa inesperada. &#8220;Ol\u00e1! H\u00e1 tantos anos que n\u00e3o falamos! Mas vim procur\u00e1-la aqui no Facebook, porque queria mesmo deixar-lhe uma palavra acerca do &#8216;nosso&#8217; Zaza. No dia 10 de setembro, recebi mensagem de uma antiga colega do Flor: &#8216;Espreita a TVI&#8230; Acho que acabei de ver l\u00e1 um ex-aluno teu&#8217;. Fui ver&#8230; E os meus olhos brilharam!&#8221;, pode ler-se.<\/p>\n<p>&#8220;\u00c9 incr\u00edvel como, ap\u00f3s 18 anos, ele est\u00e1 o mesmo! Lindo de morrer, sorriso encantador e muita convic\u00e7\u00e3o nas suas ideias. \u00c9 o Chico que esteve comigo durante quatro anos, afinal. Um furac\u00e3o com cora\u00e7\u00e3o de manteiga. Tenho tentado acompanhar alguma coisa e estou muito feliz por perceber que ele \u00e9 t\u00e3o amado. Acho que at\u00e9 se repete a hist\u00f3ria do Flor (e que ter\u00e1 sido, provavelmente, a hist\u00f3ria do Torrinha, Garcia, etc.)&#8230; Ou seja: no in\u00edcio, todos o acham um dur\u00e3o e at\u00e9 sem cora\u00e7\u00e3o&#8230; Com o tempo, v\u00e3o percebendo que h\u00e1 ali um ser humano maravilhoso, uma pessoa extremamente sens\u00edvel e at\u00e9 carente, um verdadeiro amigo&#8230; Enfim! Uma pessoa incr\u00edvel!&#8221;, escreveu a mesma pessoa, rematando: &#8220;Eu tenho ficado muito feliz e orgulhosa por perceber que as pessoas tamb\u00e9m v\u00e3o vendo isso! Um beijinho para si.&#8221;<\/p>\n<p>Em jeito de rea\u00e7\u00e3o, <a href=\"https:\/\/selfie.iol.pt\/famosos\/francisco-monteiro\/francisco-monteiro-reage-a-novidade-e-deixa-garantia-no-meu-sofa\/20260212\/698d9283d34e0ec52ec378ef\" target=\"_blank\" rel=\"nofollow noopener\">Francisco Monteiro<\/a> revelou quem \u00e9 a remetente e de que forma a mensagem mexeu com ele.\u00a0&#8220;H\u00e1 uns dias, recebi uma mensagem que me tocou particularmente e que me deixou de l\u00e1grimas nos olhos mas tremendamente orgulhoso. A minha professora do primeiro ciclo enviou esta mensagem h\u00e1 uns meses, mas apenas agora tive acesso \u00e0 mesma, depois de conseguir finalmente reencontr\u00e1-la&#8221;, disse o vencedor do reality show da esta\u00e7\u00e3o de Queluz de Baixo, completando: &#8220;N\u00e3o era um mi\u00fado f\u00e1cil, mas sei que a F\u00e1tima sempre conseguiu ver o melhor de mim.&#8221;<\/p>\n<p>Depois de ter conquistado a vit\u00f3ria do &#8220;Big Brother 2023&#8221;, o nortenho tornou-se comentador de programas do mesmo g\u00e9nero televisivo. Agora, prepara-se para opinar sobre o que vai acontecer na d\u00e9cima edi\u00e7\u00e3o de &#8220;<a href=\"https:\/\/tvi.iol.pt\/secretstory\/\" target=\"_blank\" rel=\"nofollow noopener\">Secret Story<\/a> &#8211; Casa dos Segredos&#8221;.<\/p>\n<p>Veja, agora, nas galerias que prepar\u00e1mos para si, as melhores imagens de <a href=\"https:\/\/selfie.iol.pt\/famosos\/casa-dos-segredos-10\/de-marcia-soares-a-francisco-monteiro-descubra-quem-sao-os-12-comentadores-de-secret-story-10\/20260211\/698caf81d34e92a34498bdc9\" target=\"_blank\" rel=\"nofollow noopener\">Francisco Monteiro<\/a>.<\/p>\n<p style=\"text-align:center\"><img loading=\"lazy\" decoding=\"async\" alt=\"\" height=\"898\" src=\"https:\/\/www.europesays.com\/pt\/wp-content\/uploads\/2026\/02\/698df855d34e92a34498c7c5.webp\" width=\"500\"\/><\/p>\n<p>\u00a0<\/p>\n","protected":false},"excerpt":{"rendered":"Dois anos depois de ter vencido o &#8220;Big Brother 2023&#8243;, Francisco Monteiro continua a surpreender-se com a repercuss\u00e3o&hellip;\n","protected":false},"author":2,"featured_media":219755,"comment_status":"","ping_status":"","sticky":false,"template":"","format":"standard","meta":{"footnotes":"","_share_on_mastodon":"0"},"categories":[142],"tags":[6308,6981,48,6982,2632,46676,13933,114,115,6309,980,2071,1015,619,32,33,1014,1315,6985,46677,46679,1012,6986,46678,151,162,6813,12181],"class_list":["post-267390","post","type-post","status-publish","format-standard","has-post-thumbnail","category-tv","tag-bb","tag-bb2023","tag-big-brother","tag-big-brother-2023","tag-casa-dos-segredos","tag-casa-dos-segredos-10","tag-comentador","tag-entertainment","tag-entretenimento","tag-ex-concorrente","tag-famosos","tag-francisco-monteiro","tag-instagram","tag-nacional","tag-portugal","tag-pt","tag-reality-show","tag-secret-story","tag-secret-story-casa-dos-segredos","tag-secret-story-casa-dos-segredos-10","tag-secret-story-10","tag-selfie","tag-ss","tag-ss10","tag-tv","tag-tvi","tag-vencedor","tag-zaza"],"share_on_mastodon":{"url":"https:\/\/pubeurope.com\/@pt\/116059609751132627","error":""},"_links":{"self":[{"href":"https:\/\/www.europesays.com\/pt\/wp-json\/wp\/v2\/posts\/267390","targetHints":{"allow":["GET"]}}],"collection":[{"href":"https:\/\/www.europesays.com\/pt\/wp-json\/wp\/v2\/posts"}],"about":[{"href":"https:\/\/www.europesays.com\/pt\/wp-json\/wp\/v2\/types\/post"}],"author":[{"embeddable":true,"href":"https:\/\/www.europesays.com\/pt\/wp-json\/wp\/v2\/users\/2"}],"replies":[{"embeddable":true,"href":"https:\/\/www.europesays.com\/pt\/wp-json\/wp\/v2\/comments?post=267390"}],"version-history":[{"count":0,"href":"https:\/\/www.europesays.com\/pt\/wp-json\/wp\/v2\/posts\/267390\/revisions"}],"wp:featuredmedia":[{"embeddable":true,"href":"https:\/\/www.europesays.com\/pt\/wp-json\/wp\/v2\/media\/219755"}],"wp:attachment":[{"href":"https:\/\/www.europesays.com\/pt\/wp-json\/wp\/v2\/media?parent=267390"}],"wp:term":[{"taxonomy":"category","embeddable":true,"href":"https:\/\/www.europesays.com\/pt\/wp-json\/wp\/v2\/categories?post=267390"},{"taxonomy":"post_tag","embeddable":true,"href":"https:\/\/www.europesays.com\/pt\/wp-json\/wp\/v2\/tags?post=267390"}],"curies":[{"name":"wp","href":"https:\/\/api.w.org\/{rel}","templated":true}]}}