{"id":267428,"date":"2026-02-12T21:22:10","date_gmt":"2026-02-12T21:22:10","guid":{"rendered":"https:\/\/www.europesays.com\/pt\/267428\/"},"modified":"2026-02-12T21:22:10","modified_gmt":"2026-02-12T21:22:10","slug":"ximbinha-festeja-aniversario-ao-lado-da-esposa-da-filha-com-joelma-e-do-neto-veja-fotos","status":"publish","type":"post","link":"https:\/\/www.europesays.com\/pt\/267428\/","title":{"rendered":"Ximbinha festeja anivers\u00e1rio ao lado da esposa, da filha com Joelma e do neto; veja fotos"},"content":{"rendered":"<p>O m\u00fasico\u00a0<a href=\"https:\/\/caras.com.br\/tags\/ximbinha\" rel=\"nofollow noopener\" target=\"_blank\"><strong>Ximbinha <\/strong><\/a>usou as redes sociais na quinta-feira, 12, para compartilhar com os seguidores um momento em fam\u00edlia. Em seu perfil oficial, ele mostrou a surpresa que foi preparada em sua mans\u00e3o no Par\u00e1 para celebrar seus 52 anos.<\/p>\n<p>Nas imagens compartilhadas, Ximbinha aparece ao lado de\u00a0<strong><a href=\"https:\/\/caras.com.br\/tags\/yasmin-mendes\" rel=\"nofollow noopener\" target=\"_blank\">Yasmin Mendes<\/a><\/strong>, que \u00e9 fruto do antigo casamento com a cantora\u00a0<strong><a href=\"https:\/\/caras.com.br\/tags\/joelma\" rel=\"nofollow noopener\" target=\"_blank\">Joelma. <\/a><\/strong>Al\u00e9m dos pais do guitarrista, a esposa <strong>Karen Kethen<\/strong> e outros parentes. Vale lembrar que o aniversariante tamb\u00e9m \u00e9 pai de <strong>Rebeca M\u00f3ia<\/strong>, sua primog\u00eanita.<\/p>\n<p>Em agosto do ano passado, Yasmin, de 21 anos, se tornou m\u00e3e de Oliver, o neto de Ximbinha. O beb\u00ea que aparece em uma foto ao lado da m\u00e3e e do av\u00f4 e \u00e9 fruto do relacionamento da jovem com <strong>Neto<\/strong>, baterista da banda de Joelma.<\/p>\n<p>\u201cAcordei hoje com essa supresa maravilhosa da minha fam\u00edlia, dos amores da minha vida. Agradecer a Deus por mais um ano de vida ao lado da minha fam\u00edlia, das pessoas que eu tanto amo!! Obrigado meu Deus.\u00a0 T\u00f4 s\u00f3 felicidade!!\u201d, escreveu o artista ao compartilhar os registros.<\/p>\n<p>\t Veja as fotos: <img loading=\"lazy\" decoding=\"async\" class=\"size-full wp-image-1072393 img-fluid lazy\" alt=\"Ximbinha celebra anivers\u00e1rio com a fam\u00edlia \u2014 Foto: Reprodu\u00e7\u00e3o\/Instagram\" width=\"1080\" height=\"1440\" src=\"https:\/\/www.europesays.com\/pt\/wp-content\/uploads\/2026\/02\/Acordei-hoje-com-essa-supresa-maravilhosa-da-minha-familia-dos-amores-da-minha-vida-\u2764\ufe0fAgradecer-3.jp.jpeg\"  \/>Ximbinha celebra anivers\u00e1rio com a fam\u00edlia \u2014 Foto: Reprodu\u00e7\u00e3o\/Instagram <img loading=\"lazy\" decoding=\"async\" class=\"size-full wp-image-1072394 img-fluid lazy\" alt=\"Ximbinha celebra anivers\u00e1rio com a fam\u00edlia \u2014 Foto: Reprodu\u00e7\u00e3o\/Instagram\" width=\"1080\" height=\"1439\" src=\"https:\/\/www.europesays.com\/pt\/wp-content\/uploads\/2026\/02\/Acordei-hoje-com-essa-supresa-maravilhosa-da-minha-familia-dos-amores-da-minha-vida-\u2764\ufe0fAgradecer-2.jp.jpeg\"  \/>Ximbinha celebra anivers\u00e1rio com a fam\u00edlia \u2014 Foto: Reprodu\u00e7\u00e3o\/Instagram <img loading=\"lazy\" decoding=\"async\" class=\"size-full wp-image-1072395 img-fluid lazy\" alt=\"Ximbinha celebra anivers\u00e1rio com a fam\u00edlia \u2014 Foto: Reprodu\u00e7\u00e3o\/Instagram\" width=\"1080\" height=\"1440\" src=\"https:\/\/www.europesays.com\/pt\/wp-content\/uploads\/2026\/02\/Acordei-hoje-com-essa-supresa-maravilhosa-da-minha-familia-dos-amores-da-minha-vida-\u2764\ufe0fAgradecer-1.jp.jpeg\"  \/>Ximbinha celebra anivers\u00e1rio com a fam\u00edlia \u2014 Foto: Reprodu\u00e7\u00e3o\/Instagram <img loading=\"lazy\" decoding=\"async\" class=\"size-full wp-image-1072396 img-fluid lazy\" alt=\"Ximbinha celebra anivers\u00e1rio com a fam\u00edlia \u2014 Foto: Reprodu\u00e7\u00e3o\/Instagram\" width=\"1080\" height=\"1440\" src=\"https:\/\/www.europesays.com\/pt\/wp-content\/uploads\/2026\/02\/Acordei-hoje-com-essa-supresa-maravilhosa-da-minha-familia-dos-amores-da-minha-vida-\u2764\ufe0fAgradecer.jpg\"  \/>Ximbinha celebra anivers\u00e1rio com a fam\u00edlia \u2014 Foto: Reprodu\u00e7\u00e3o\/Instagram Quem s\u00e3o os filhos de Joelma? <\/p>\n<p>Vale lembrar que a cantora \u00e9 m\u00e3e de tr\u00eas filhos. <strong>Nat\u00e1lia Sarraff<\/strong>\u00a0\u00e9 fruto do relacionamento da artista com\u00a0<strong>Roberto Lu\u00eds Sarraff.<\/strong>\u00a0<strong>Yago Mendes<\/strong>\u00a0nasceu da rela\u00e7\u00e3o com o advogado\u00a0<strong>Robson Cristiano Le\u00e3o Matos<\/strong>, e\u00a0<strong>Yasmin Mendes Farias<\/strong>\u00a0\u00e9 filha de\u00a0<strong>Joelma<\/strong>\u00a0com\u00a0<strong>Ximbinha. <\/strong>Atualmente, todos est\u00e3o em relacionamentos.<\/p>\n<p><strong>Leia tamb\u00e9m<\/strong>:\u00a0<a href=\"https:\/\/caras.com.br\/atualidades\/joelma-reune-filhos-genros-nora-e-netos-em-foto-rara-conheca-a-familia-da-cantora.phtml\" rel=\"nofollow noopener\" target=\"_blank\">Joelma re\u00fane filhos, genros, nora e netos em foto rara; conhe\u00e7a a fam\u00edlia da cantora<\/a><\/p>\n<blockquote class=\"instagram-media\" style=\"background: #FFF; border: 0; border-radius: 3px; box-shadow: 0 0 1px 0 rgba(0,0,0,0.5),0 1px 10px 0 rgba(0,0,0,0.15); margin: 1px; max-width: 540px; min-width: 326px; padding: 0; width: calc(100% - 2px);\" data-instgrm-captioned=\"\" data-instgrm-permalink=\"https:\/\/www.instagram.com\/p\/DUqMsY-gHPI\/?utm_source=ig_embed&amp;utm_campaign=loading\" data-instgrm-version=\"14\"><\/blockquote>\n<blockquote class=\"instagram-media\" style=\"background: #FFF; border: 0; border-radius: 3px; box-shadow: 0 0 1px 0 rgba(0,0,0,0.5),0 1px 10px 0 rgba(0,0,0,0.15); margin: 1px; max-width: 540px; min-width: 326px; padding: 0; width: calc(100% - 2px);\" data-instgrm-captioned=\"\" data-instgrm-permalink=\"https:\/\/www.instagram.com\/p\/DRmx5DREQri\/?utm_source=ig_embed&amp;utm_campaign=loading\" data-instgrm-version=\"14\"><\/blockquote>\n<p>        <a href=\"https:\/\/caras.com.br\/autor\/juliana-dracz\" rel=\"nofollow noopener\" target=\"_blank\">&#13;<br \/>\n          <img loading=\"lazy\" decoding=\"async\" alt=\"Juliana Dracz\" src=\"https:\/\/www.europesays.com\/pt\/wp-content\/uploads\/2026\/01\/1769446148_811_436551461_2434711450057729_5105646040807821088_n_sqmd.png\" class=\"avatar avatar-115 photo rounded-circle\" height=\"115\" width=\"115\"\/>        <\/a><\/p>\n<p>Juliana Dracz \u00e9 rep\u00f3rter de conte\u00fado do site CARAS. Formada em Jornalismo pela Universidade Cat\u00f3lica de Bras\u00edlia, ela j\u00e1 trabalhou em grandes sites de entretenimento. Atualmente, escreve sobre novelas, celebridades e TV.<\/p>\n<ul class=\"terms-list post_tag list-inline\">\n<li class=\"esposa-de-ximbinha list-inline-item\">\n\t\t\t\t\t<a href=\"https:\/\/caras.com.br\/tags\/esposa-de-ximbinha\" class=\"item-category\" rel=\"nofollow noopener\" target=\"_blank\">esposa de ximbinha<\/a>\n\t\t\t\t<\/li>\n<li class=\"ximbinha list-inline-item\">\n\t\t\t\t\t<a href=\"https:\/\/caras.com.br\/tags\/ximbinha\" class=\"item-category\" rel=\"nofollow noopener\" target=\"_blank\">Ximbinha<\/a>\n\t\t\t\t<\/li>\n<\/ul>\n<p>\t                                            <script async src=\"\/\/www.instagram.com\/embed.js\"><\/script><\/p>\n","protected":false},"excerpt":{"rendered":"O m\u00fasico\u00a0Ximbinha usou as redes sociais na quinta-feira, 12, para compartilhar com os seguidores um momento em fam\u00edlia.&hellip;\n","protected":false},"author":2,"featured_media":267429,"comment_status":"","ping_status":"","sticky":false,"template":"","format":"standard","meta":{"footnotes":"","_share_on_mastodon":"0"},"categories":[145],"tags":[211,210,114,115,49388,32,33,15154],"class_list":["post-267428","post","type-post","status-publish","format-standard","has-post-thumbnail","category-celebridades","tag-celebridades","tag-celebrities","tag-entertainment","tag-entretenimento","tag-esposa-de-ximbinha","tag-portugal","tag-pt","tag-ximbinha"],"share_on_mastodon":{"url":"https:\/\/pubeurope.com\/@pt\/116059763079152087","error":""},"_links":{"self":[{"href":"https:\/\/www.europesays.com\/pt\/wp-json\/wp\/v2\/posts\/267428","targetHints":{"allow":["GET"]}}],"collection":[{"href":"https:\/\/www.europesays.com\/pt\/wp-json\/wp\/v2\/posts"}],"about":[{"href":"https:\/\/www.europesays.com\/pt\/wp-json\/wp\/v2\/types\/post"}],"author":[{"embeddable":true,"href":"https:\/\/www.europesays.com\/pt\/wp-json\/wp\/v2\/users\/2"}],"replies":[{"embeddable":true,"href":"https:\/\/www.europesays.com\/pt\/wp-json\/wp\/v2\/comments?post=267428"}],"version-history":[{"count":0,"href":"https:\/\/www.europesays.com\/pt\/wp-json\/wp\/v2\/posts\/267428\/revisions"}],"wp:featuredmedia":[{"embeddable":true,"href":"https:\/\/www.europesays.com\/pt\/wp-json\/wp\/v2\/media\/267429"}],"wp:attachment":[{"href":"https:\/\/www.europesays.com\/pt\/wp-json\/wp\/v2\/media?parent=267428"}],"wp:term":[{"taxonomy":"category","embeddable":true,"href":"https:\/\/www.europesays.com\/pt\/wp-json\/wp\/v2\/categories?post=267428"},{"taxonomy":"post_tag","embeddable":true,"href":"https:\/\/www.europesays.com\/pt\/wp-json\/wp\/v2\/tags?post=267428"}],"curies":[{"name":"wp","href":"https:\/\/api.w.org\/{rel}","templated":true}]}}