{"id":26757,"date":"2025-08-12T20:59:08","date_gmt":"2025-08-12T20:59:08","guid":{"rendered":"https:\/\/www.europesays.com\/pt\/26757\/"},"modified":"2025-08-12T20:59:08","modified_gmt":"2025-08-12T20:59:08","slug":"napalm-death-confirma-show-unico-no-brasil-com-ratos-de-porao","status":"publish","type":"post","link":"https:\/\/www.europesays.com\/pt\/26757\/","title":{"rendered":"Napalm Death confirma show \u00fanico no Brasil com Ratos de Por\u00e3o"},"content":{"rendered":"\n<p>Apresenta\u00e7\u00e3o em meio a turn\u00ea latino-americana acontece no Hangar 110, em S\u00e3o Paulo, no dia 5 de dezembro<\/p>\n<p>A Xaninho Discos junto \u00e0 Caveira Velha Produ\u00e7\u00f5es trazem a banda inglesa de grindcore <strong>Napalm Death<\/strong> a S\u00e3o Paulo, no dia 5 de dezembro de 2025. Ser\u00e1 a \u00fanica apresenta\u00e7\u00e3o no Brasil em meio \u00e0 nova turn\u00ea pela Am\u00e9rica Latina.<\/p>\n<p>A apresenta\u00e7\u00e3o ser\u00e1 no Hangar 110 e ter\u00e1 o <strong>Ratos de Por\u00e3o<\/strong> como banda convidada.<\/p>\n<p>&#8211; Advertisement &#8211;<\/p>\n<p>Ingressos est\u00e3o \u00e0 venda no site <a href=\"https:\/\/101tickets.com.br\/events\/details\/Napalm-Death-e-Ratos-de-Porao-em-Sao-Paulo\" target=\"_blank\" rel=\"noreferrer noopener nofollow\">101Tickets<\/a>. Os pre\u00e7os variam entre R$ 190 (pista) e R$ 230 (camarote).<\/p>\n<p>O Napalm Death surgiu em 1981, no vilarejo de Meriden, pr\u00f3ximo a Birmingham (Inglaterra), e atravessa d\u00e9cadas como uma das forma\u00e7\u00f5es mais influentes do mundo com sua sonoridade pesada e contestadora. At\u00e9 o momento, j\u00e1 lan\u00e7ou 16 \u00e1lbuns de est\u00fadio.<\/p>\n<p>O lan\u00e7amento mais recente do Napalm Death \u00e9 o \u00e1lbum colaborativo com os Melvins, intitulado Savage \u201cImperial Death March\u201d, lan\u00e7ado em fevereiro de 2025. J\u00e1 solo, lan\u00e7aram o EP Resentment Is Always Seismic \u2013 A Final Throw of Throes, em 2022. A forma\u00e7\u00e3o traz Mark \u2018Barney\u2019 Greenway (vocais) John Cooke (guitarra), Shane Embury (baixo) e Danny Herrera (bateria)<\/p>\n<p> Servi\u00e7o \u2013 Napalm Death + Ratos de Por\u00e3o em S\u00e3o Paulo <\/p>\n<ul class=\"wp-block-list\">\n<li>Data: 6 de dezembro de 2025<\/li>\n<li>Hor\u00e1rio: 18h (abertura da casa)<\/li>\n<li>Local: Hangar 110 (rua Rodolfo Miranda, 110, Bom Retiro \u2013 S\u00e3o Paulo\/SP)<\/li>\n<li>Ingressos: <a href=\"https:\/\/101tickets.com.br\/events\/details\/Napalm-Death-e-Ratos-de-Porao-em-Sao-Paulo\" target=\"_blank\" rel=\"noreferrer noopener nofollow\">101Tickets<\/a><\/li>\n<\/ul>\n<p><strong>Clique<\/strong> para seguir IgorMiranda.com.br no: <a href=\"https:\/\/instagram.com\/igormirandasite\" target=\"_blank\" rel=\"noreferrer noopener nofollow\">Instagram<\/a> | <a href=\"https:\/\/bsky.app\/profile\/igormirandasite.bsky.social\" target=\"_blank\" rel=\"noreferrer noopener nofollow\">Bluesky<\/a> | <a href=\"https:\/\/twitter.com\/igormirandasite\" target=\"_blank\" rel=\"noreferrer noopener nofollow\">Twitter<\/a> | <a href=\"https:\/\/tiktok.com\/@igormirandasite\" target=\"_blank\" rel=\"noreferrer noopener nofollow\">TikTok<\/a> | <a href=\"https:\/\/facebook.com\/igormirandasite\" target=\"_blank\" rel=\"noreferrer noopener nofollow\">Facebook<\/a> | <a href=\"https:\/\/www.youtube.com\/igormirandasite\" target=\"_blank\" rel=\"noreferrer noopener nofollow\">YouTube<\/a> | <a href=\"https:\/\/www.threads.net\/@igormirandasite\" target=\"_blank\" rel=\"noreferrer noopener nofollow\">Threads<\/a>.<\/p>\n<p> <script async src=\"https:\/\/platform.twitter.com\/widgets.js\" charset=\"utf-8\"><\/script><script async src=\"\/\/www.instagram.com\/embed.js\"><\/script><script async src=\"\/\/www.tiktok.com\/embed.js\"><\/script><\/p>\n","protected":false},"excerpt":{"rendered":"Apresenta\u00e7\u00e3o em meio a turn\u00ea latino-americana acontece no Hangar 110, em S\u00e3o Paulo, no dia 5 de dezembro&hellip;\n","protected":false},"author":2,"featured_media":26758,"comment_status":"","ping_status":"","sticky":false,"template":"","format":"standard","meta":{"footnotes":""},"categories":[141],"tags":[114,115,149,150,9213,32,33,9214,9215],"class_list":{"0":"post-26757","1":"post","2":"type-post","3":"status-publish","4":"format-standard","5":"has-post-thumbnail","7":"category-musica","8":"tag-entertainment","9":"tag-entretenimento","10":"tag-music","11":"tag-musica","12":"tag-napalm-death","13":"tag-portugal","14":"tag-pt","15":"tag-ratos-de-porao","16":"tag-shows-no-brasil"},"share_on_mastodon":{"url":"","error":""},"_links":{"self":[{"href":"https:\/\/www.europesays.com\/pt\/wp-json\/wp\/v2\/posts\/26757","targetHints":{"allow":["GET"]}}],"collection":[{"href":"https:\/\/www.europesays.com\/pt\/wp-json\/wp\/v2\/posts"}],"about":[{"href":"https:\/\/www.europesays.com\/pt\/wp-json\/wp\/v2\/types\/post"}],"author":[{"embeddable":true,"href":"https:\/\/www.europesays.com\/pt\/wp-json\/wp\/v2\/users\/2"}],"replies":[{"embeddable":true,"href":"https:\/\/www.europesays.com\/pt\/wp-json\/wp\/v2\/comments?post=26757"}],"version-history":[{"count":0,"href":"https:\/\/www.europesays.com\/pt\/wp-json\/wp\/v2\/posts\/26757\/revisions"}],"wp:featuredmedia":[{"embeddable":true,"href":"https:\/\/www.europesays.com\/pt\/wp-json\/wp\/v2\/media\/26758"}],"wp:attachment":[{"href":"https:\/\/www.europesays.com\/pt\/wp-json\/wp\/v2\/media?parent=26757"}],"wp:term":[{"taxonomy":"category","embeddable":true,"href":"https:\/\/www.europesays.com\/pt\/wp-json\/wp\/v2\/categories?post=26757"},{"taxonomy":"post_tag","embeddable":true,"href":"https:\/\/www.europesays.com\/pt\/wp-json\/wp\/v2\/tags?post=26757"}],"curies":[{"name":"wp","href":"https:\/\/api.w.org\/{rel}","templated":true}]}}