{"id":267628,"date":"2026-02-13T01:17:46","date_gmt":"2026-02-13T01:17:46","guid":{"rendered":"https:\/\/www.europesays.com\/pt\/267628\/"},"modified":"2026-02-13T01:17:46","modified_gmt":"2026-02-13T01:17:46","slug":"sensor-detecta-biomarcadores-de-cancer-com-exame-de-sangue","status":"publish","type":"post","link":"https:\/\/www.europesays.com\/pt\/267628\/","title":{"rendered":"Sensor detecta biomarcadores de c\u00e2ncer com exame de sangue"},"content":{"rendered":"<p dir=\"ltr\">Um novo sensor ultra sens\u00edvel desenvolvido por pesquisadores chineses \u00e9 capaz de detectar <a href=\"https:\/\/www.correiobraziliense.com.br\/ciencia-e-saude\/2026\/01\/7343672-detectado-novo-biomarcador-do-parkinson.html\" target=\"_blank\" rel=\"nofollow noopener\">biomarcadores<\/a> de c\u00e2ncer no sangue. O dispositivo, baseado em luz, consegue identificar prote\u00ednas, DNA ou outras mol\u00e9culas indicadoras de risco de c\u00e2ncer em concentra\u00e7\u00f5es extremamente baixas e abre caminhos para possibilitar a detec\u00e7\u00e3o da doen\u00e7a, futuramente, com um simples exame de sangue.\u00a0<\/p>\n<p dir=\"ltr\">O pesquisador e l\u00edder da pesquisa, Han Zhang, da Universidade de Shenzhen, na China, explica que a abordagem pode \u201csimplificar os tratamentos de doen\u00e7as, melhorar as taxas de sobreviv\u00eancia e reduzir os custos gerais de sa\u00fade\u201d. Resultados publicados pelo grupo na revista Optica mostram que o sensor obteve sucesso em detectar biomarcadores de um c\u00e2ncer de pulm\u00e3o em concentra\u00e7\u00e3o sub-attomolar, medida de sensibilidade extremamente baixa.\u00a0<\/p>\n<p class=\"texto\">   <strong>       <a href=\"https:\/\/whatsapp.com\/channel\/0029VaB1U9a002T64ex1Sy2w\" target=\"_blank\" rel=\"nofollow noopener\">           Siga o canal do Correio no WhatsApp e receba as principais not\u00edcias do dia no seu celular       <\/a>   <\/strong><\/p>\n<p dir=\"ltr\">\u201cPara o diagn\u00f3stico precoce, este m\u00e9todo \u00e9 promissor, permitindo a realiza\u00e7\u00e3o de exames de sangue simples para detec\u00e7\u00e3o do c\u00e2ncer de pulm\u00e3o antes que um tumor se torne vis\u00edvel em uma tomografia computadorizada\u201d, explica Zhang. \u201cEle tamb\u00e9m pode ajudar a avan\u00e7ar nas op\u00e7\u00f5es de tratamento personalizado, permitindo que os m\u00e9dicos monitorem os n\u00edveis de biomarcadores de um paciente diariamente ou semanalmente para avaliar a efic\u00e1cia do medicamento, em vez de esperar meses pelos resultados dos exames de imagem\u201d.<\/p>\n<p dir=\"ltr\">Al\u00e9m dos <a href=\"https:\/\/www.correiobraziliense.com.br\/ciencia-e-saude\/2026\/02\/7353481-proteinas-brasileiras-revelam-novos-caminhos-para-cancer-e-regeneracao.html\" target=\"_blank\" rel=\"nofollow noopener\">indicadores de c\u00e2ncer<\/a>, a tecnologia foi desenvolvida para ser program\u00e1vel, o que possibilita o uso para detec\u00e7\u00e3o de v\u00edrus, bact\u00e9rias ou toxinas ambientais. Outros biomarcadores tamb\u00e9m podem ser identificados, como os associados ao Alzheimer.\u00a0<\/p>\n<p dir=\"ltr\">\u201cO sensor tamb\u00e9m apresentou alta especificidade \u2014 ignorando outras sequ\u00eancias de RNA semelhantes e detectando apenas o alvo do c\u00e2ncer de pulm\u00e3o\u201d, pontua o pesquisador. Para os pr\u00f3ximos estudos, o objetivo \u00e9 transformar essa tecnologia em um dispositivo port\u00e1til, que pode ser usado no leito hospitalar, em cl\u00ednicas e at\u00e9 mesmo em locais mais remotos com poucos recursos.\u00a0<\/p>\n<ul>\n<li><a href=\"https:\/\/wa.me\/?text=Sensor+detecta+biomarcadores+de+c%C3%A2ncer+com+exame+de+sangue%20https:\/\/www.correiobraziliense.com.br\/ciencia-e-saude\/2026\/02\/7353788-sensor-detecta-biomarcadores-de-cancer-com-exame-de-sangue.html\" target=\"_blank\" title=\"Whatsapp\" aria-label=\"WhatsApp\" rel=\"nofollow noopener\"><\/a><\/li>\n<li><a href=\"https:\/\/www.facebook.com\/sharer.php?u=https:\/\/www.correiobraziliense.com.br%2Fciencia-e-saude%2F2026%2F02%2F7353788-sensor-detecta-biomarcadores-de-cancer-com-exame-de-sangue.html&amp;text=Sensor+detecta+biomarcadores+de+c%C3%A2ncer+com+exame+de+sangue\" target=\"_blank\" title=\"Facebook\" aria-label=\"Facebook\" rel=\"nofollow noopener\"><\/a><\/li>\n<li><a href=\"https:\/\/twitter.com\/intent\/tweet?url=https:\/\/www.correiobraziliense.com.br%2Fciencia-e-saude%2F2026%2F02%2F7353788-sensor-detecta-biomarcadores-de-cancer-com-exame-de-sangue.html&amp;text=Sensor+detecta+biomarcadores+de+c%C3%A2ncer+com+exame+de+sangue\" target=\"_blank\" title=\"Twitter\" aria-label=\"Twitter\" rel=\"nofollow noopener\"><\/a><\/li>\n<li><a href=\"https:\/\/profile.google.com\/cp\/CgovbS8wNzZ0dms1\" title=\"Google Discover\" target=\"_blank\" aria-label=\"Google Discover\" rel=\"nofollow noopener\"><img decoding=\"async\" src=\"https:\/\/www.europesays.com\/pt\/wp-content\/uploads\/2025\/12\/google-discover-icon.png\" style=\"height: 25px; margin: 0 !important; margin-left: 3px;\" alt=\"Google Discover Icon\"\/><\/a><\/li>\n<\/ul>\n<p>              <a href=\"https:\/\/www.correiobraziliense.com.br\/autor\/gabriella-braz\/page\/1\/\" style=\"height: 100%;\" rel=\"nofollow noopener\" target=\"_blank\"><img decoding=\"async\" class=\"hidden-print author-circle d-block h6 mt-0 mb-0 mr-6 text-center\" src=\"https:\/\/www.europesays.com\/pt\/wp-content\/uploads\/2025\/07\/whatsapp_image_2023_10_10_at_19_18_18-30054727.jpeg\" alt=\"\" width=\"40\" height=\"40\" loading=\"lazy\" style=\"object-fit:cover; width: 40px; height: 40px; margin-right:10px;\"\/><\/a><a href=\"https:\/\/www.correiobraziliense.com.br\/autor\/gabriella-braz\/page\/1\/\" rel=\"nofollow noopener\" target=\"_blank\"><img decoding=\"async\" class=\"hidden-print author-circle d-block h6 mt-0 mb-0 mr-6 text-center\" src=\"https:\/\/www.europesays.com\/pt\/wp-content\/uploads\/2025\/07\/whatsapp_image_2023_10_10_at_19_18_18-30054727.jpeg\" alt=\"\" width=\"40\" height=\"40\" loading=\"lazy\" style=\"object-fit:cover; width: 40px; height: 40px; margin-right:10px;\"\/><\/a>Gabriella Braz  <strong class=\"entryStrongAuthor\">Rep\u00f3rter<\/strong><\/p>\n<p class=\"entryDescricaoAuthor\">Jornalista pela UnB, piauiense residente no DF, escritora e entusiasta de temas relacionados \u00e0 educa\u00e7\u00e3o e meio ambiente. Tem passagens pelo EuEstudante, assessorias e pela Empresa Brasil de Comunica\u00e7\u00e3o (EBC).<\/p>\n<p>                          <script async src=\"https:\/\/platform.twitter.com\/widgets.js\" charset=\"utf-8\"><\/script><\/p>\n","protected":false},"excerpt":{"rendered":"Um novo sensor ultra sens\u00edvel desenvolvido por pesquisadores chineses \u00e9 capaz de detectar biomarcadores de c\u00e2ncer no sangue.&hellip;\n","protected":false},"author":2,"featured_media":267629,"comment_status":"","ping_status":"","sticky":false,"template":"","format":"standard","meta":{"footnotes":"","_share_on_mastodon":"0"},"categories":[86],"tags":[21185,314,2265,726,1776,109,1128,116,32,33,117],"class_list":["post-267628","post","type-post","status-publish","format-standard","has-post-thumbnail","category-saude","tag-21185","tag-alzheimer","tag-biomarcadores","tag-brasil","tag-cancer","tag-ciencia","tag-diagnostico","tag-health","tag-portugal","tag-pt","tag-saude"],"share_on_mastodon":{"url":"https:\/\/pubeurope.com\/@pt\/116060687138305099","error":""},"_links":{"self":[{"href":"https:\/\/www.europesays.com\/pt\/wp-json\/wp\/v2\/posts\/267628","targetHints":{"allow":["GET"]}}],"collection":[{"href":"https:\/\/www.europesays.com\/pt\/wp-json\/wp\/v2\/posts"}],"about":[{"href":"https:\/\/www.europesays.com\/pt\/wp-json\/wp\/v2\/types\/post"}],"author":[{"embeddable":true,"href":"https:\/\/www.europesays.com\/pt\/wp-json\/wp\/v2\/users\/2"}],"replies":[{"embeddable":true,"href":"https:\/\/www.europesays.com\/pt\/wp-json\/wp\/v2\/comments?post=267628"}],"version-history":[{"count":0,"href":"https:\/\/www.europesays.com\/pt\/wp-json\/wp\/v2\/posts\/267628\/revisions"}],"wp:featuredmedia":[{"embeddable":true,"href":"https:\/\/www.europesays.com\/pt\/wp-json\/wp\/v2\/media\/267629"}],"wp:attachment":[{"href":"https:\/\/www.europesays.com\/pt\/wp-json\/wp\/v2\/media?parent=267628"}],"wp:term":[{"taxonomy":"category","embeddable":true,"href":"https:\/\/www.europesays.com\/pt\/wp-json\/wp\/v2\/categories?post=267628"},{"taxonomy":"post_tag","embeddable":true,"href":"https:\/\/www.europesays.com\/pt\/wp-json\/wp\/v2\/tags?post=267628"}],"curies":[{"name":"wp","href":"https:\/\/api.w.org\/{rel}","templated":true}]}}