{"id":267680,"date":"2026-02-13T02:03:06","date_gmt":"2026-02-13T02:03:06","guid":{"rendered":"https:\/\/www.europesays.com\/pt\/267680\/"},"modified":"2026-02-13T02:03:06","modified_gmt":"2026-02-13T02:03:06","slug":"suicos-vao-votar-em-referendo-proposta-para-limitar-populacao-a-10-milhoes","status":"publish","type":"post","link":"https:\/\/www.europesays.com\/pt\/267680\/","title":{"rendered":"Su\u00ed\u00e7os v\u00e3o votar em referendo proposta para limitar popula\u00e7\u00e3o a 10 milh\u00f5es"},"content":{"rendered":"<p>\t                Se a vota\u00e7\u00e3o, marcada para 14 de junho, for aprovada, o governo ter\u00e1 de recusar a entrada de rec\u00e9m-chegados, incluindo requerentes de asilo e fam\u00edlias de residentes estrangeiros, assim que a popula\u00e7\u00e3o atingisse 9,5 milh\u00f5es<\/p>\n<p style=\"margin-bottom:11px\">A Su\u00ed\u00e7a realizar\u00e1 uma vota\u00e7\u00e3o hist\u00f3rica sobre a proposta de um partido de direita de restringir a popula\u00e7\u00e3o do pa\u00eds a 10 milh\u00f5es, num momento de fortes diferendos acerca da imigra\u00e7\u00e3o.<\/p>\n<p>A proposta, apresentada pelo maior partido pol\u00edtico do pa\u00eds, o Partido Popular Su\u00ed\u00e7o (SVP), exige que o governo aja antes que a popula\u00e7\u00e3o \u2013 atualmente em 9,1 milh\u00f5es \u2013 atinja o limite m\u00e1ximo proposto de 10 milh\u00f5es.<\/p>\n<p>Se a vota\u00e7\u00e3o, marcada para 14 de junho, for aprovada, o governo ter\u00e1 de recusar a entrada de rec\u00e9m-chegados, incluindo requerentes de asilo e fam\u00edlias de residentes estrangeiros, assim que a popula\u00e7\u00e3o atingisse 9,5 milh\u00f5es.<\/p>\n<p>Se a popula\u00e7\u00e3o atingisse 10 milh\u00f5es, o governo seria for\u00e7ado a rescindir o seu acordo de livre circula\u00e7\u00e3o com a Uni\u00e3o Europeia (UE), que \u00e9 o maior parceiro comercial da Su\u00ed\u00e7a.<\/p>\n<p>Embora a Su\u00ed\u00e7a n\u00e3o seja membro da UE, o pa\u00eds est\u00e1 integrado atrav\u00e9s de mais de 120 acordos bilaterais, que lhe garantem acesso ao mercado \u00fanico da UE e \u00e0 livre circula\u00e7\u00e3o de pessoas e com\u00e9rcio de mercadorias.<\/p>\n<p>O SVP, que terminou em primeiro lugar em todas as elei\u00e7\u00f5es desde 1999, argumenta que a Su\u00ed\u00e7a est\u00e1 a passar por uma &#8220;explos\u00e3o populacional&#8221; que est\u00e1 a pressionar os servi\u00e7os p\u00fablicos, sobrecarregar as infraestruturas e a inflacionar o pre\u00e7o das rendas<\/p>\n<p>O partido \u00e9 o \u00fanico a apoiar o limite populacional entre os membros do Conselho Federal executivo \u2014 uma coliga\u00e7\u00e3o de sete lugares que toma decis\u00f5es por maioria e votou contra a iniciativa.<\/p>\n<p>Mas uma sondagem realizada no ano passado pela empresa su\u00ed\u00e7a Leewas indica que a proposta tem amplo apoio.<\/p>\n<p>O sistema de referendo da Su\u00ed\u00e7a permite que propostas sejam submetidas a vota\u00e7\u00e3o p\u00fablica se reunirem pelo menos 100 mil assinaturas de eleitores qualificados em um prazo de 18 meses.<\/p>\n<p>Numa publica\u00e7\u00e3o na sua conta no X, o SVP exortou o eleitorado su\u00ed\u00e7o a votar a favor da mo\u00e7\u00e3o, partilhando uma imagem aparentemente gerada por IA de pessoas ricas a brindar com champanhe num trono em cima de uma multid\u00e3o de trabalhadores insatisfeitos. A legenda dizia: &#8220;Uma pequena elite econ\u00f3mica lucra com a imigra\u00e7\u00e3o excessiva \u2013 a maioria da popula\u00e7\u00e3o su\u00ed\u00e7a sofre.&#8221;<\/p>\n","protected":false},"excerpt":{"rendered":"Se a vota\u00e7\u00e3o, marcada para 14 de junho, for aprovada, o governo ter\u00e1 de recusar a entrada de&hellip;\n","protected":false},"author":2,"featured_media":267681,"comment_status":"","ping_status":"","sticky":false,"template":"","format":"standard","meta":{"footnotes":"","_share_on_mastodon":"0"},"categories":[50],"tags":[609,836,611,27,28,607,608,333,832,604,135,610,476,15,16,301,830,14,603,25,26,49422,570,21,22,831,833,62,834,12,13,19,20,835,602,52,7895,32,23,24,35982,5697,49423,17,18,29,30,31,63,64,65],"class_list":["post-267680","post","type-post","status-publish","format-standard","has-post-thumbnail","category-mundo","tag-alerta","tag-analise","tag-ao-minuto","tag-breaking-news","tag-breakingnews","tag-cnn","tag-cnn-portugal","tag-comentadores","tag-costa","tag-crime","tag-desporto","tag-direto","tag-economia","tag-featured-news","tag-featurednews","tag-governo","tag-guerra","tag-headlines","tag-justica","tag-latest-news","tag-latestnews","tag-limitar-populacao","tag-live","tag-main-news","tag-mainnews","tag-mais-vistas","tag-marcelo","tag-mundo","tag-negocios","tag-news","tag-noticias","tag-noticias-principais","tag-noticiasprincipais","tag-opiniao","tag-pais","tag-politica","tag-populacao","tag-portugal","tag-principais-noticias","tag-principaisnoticias","tag-referendo","tag-suica","tag-svp","tag-top-stories","tag-topstories","tag-ultimas","tag-ultimas-noticias","tag-ultimasnoticias","tag-world","tag-world-news","tag-worldnews"],"share_on_mastodon":{"url":"","error":"Validation failed: Text character limit of 500 exceeded"},"_links":{"self":[{"href":"https:\/\/www.europesays.com\/pt\/wp-json\/wp\/v2\/posts\/267680","targetHints":{"allow":["GET"]}}],"collection":[{"href":"https:\/\/www.europesays.com\/pt\/wp-json\/wp\/v2\/posts"}],"about":[{"href":"https:\/\/www.europesays.com\/pt\/wp-json\/wp\/v2\/types\/post"}],"author":[{"embeddable":true,"href":"https:\/\/www.europesays.com\/pt\/wp-json\/wp\/v2\/users\/2"}],"replies":[{"embeddable":true,"href":"https:\/\/www.europesays.com\/pt\/wp-json\/wp\/v2\/comments?post=267680"}],"version-history":[{"count":0,"href":"https:\/\/www.europesays.com\/pt\/wp-json\/wp\/v2\/posts\/267680\/revisions"}],"wp:featuredmedia":[{"embeddable":true,"href":"https:\/\/www.europesays.com\/pt\/wp-json\/wp\/v2\/media\/267681"}],"wp:attachment":[{"href":"https:\/\/www.europesays.com\/pt\/wp-json\/wp\/v2\/media?parent=267680"}],"wp:term":[{"taxonomy":"category","embeddable":true,"href":"https:\/\/www.europesays.com\/pt\/wp-json\/wp\/v2\/categories?post=267680"},{"taxonomy":"post_tag","embeddable":true,"href":"https:\/\/www.europesays.com\/pt\/wp-json\/wp\/v2\/tags?post=267680"}],"curies":[{"name":"wp","href":"https:\/\/api.w.org\/{rel}","templated":true}]}}