{"id":267848,"date":"2026-02-13T05:39:10","date_gmt":"2026-02-13T05:39:10","guid":{"rendered":"https:\/\/www.europesays.com\/pt\/267848\/"},"modified":"2026-02-13T05:39:10","modified_gmt":"2026-02-13T05:39:10","slug":"camila-queiroz-celebra-2-meses-da-filha","status":"publish","type":"post","link":"https:\/\/www.europesays.com\/pt\/267848\/","title":{"rendered":"Camila Queiroz celebra 2 meses da filha"},"content":{"rendered":"<p>A atriz <a href=\"https:\/\/caras.com.br\/tags\/camila-queiroz\" rel=\"nofollow noopener\" target=\"_blank\"><strong>Camila Queiroz<\/strong><\/a> compartilhou em suas redes sociais alguns detalhes do mesvers\u00e1rio de sua filha <strong>Clara<\/strong>, fruto de seu relacionamento com <strong>Klebber Toledo<\/strong>. Ela registrou o momento especial em seus stories.<\/p>\n<p>A primeira herdeira dos artistas nasceu em 12 de dezembro de 2025, e celebrou seu segundo m\u00eas de vida. A famosa compartilhou registros do bolo da herdeira, que levou o tema de carnaval.<\/p>\n<p>\u201cBloquinho da Clara. 2 meses\u201d, dizia a mensagem no bolo. O doce continha detalhes coloridos, que remeteram a confetes, al\u00e9m de m\u00e1scaras e uma vela dourada com o n\u00famero 2 no topo.<\/p>\n<p>Mais cedo, a famosa compartilhou que havia uma visita especial para a pequena herdeira, sua av\u00f3! <strong>Eliane Tavares<\/strong>, m\u00e3e da atriz surgiu ao lado da nen\u00e9m em um v\u00eddeo fofo nas redes sociais.<\/p>\n<p>\t Confira! <img loading=\"lazy\" decoding=\"async\" class=\"size-full wp-image-1072886 img-fluid lazy\" alt=\"M\u00easvers\u00e1rio de Clara - Foto: Reprodu\u00e7\u00e3o\/Instagram\" width=\"1000\" height=\"1433\" src=\"https:\/\/caras.com.br\/wp-content\/uploads\/2026\/02\/bolo-mes-clara.avif\"  \/>M\u00easvers\u00e1rio de Clara \u2013 Foto: Reprodu\u00e7\u00e3o\/Instagram <img loading=\"lazy\" decoding=\"async\" class=\"size-full wp-image-1072888 img-fluid lazy\" alt=\"M\u00easvers\u00e1rio de Clara - Foto: Reprodu\u00e7\u00e3o\/Instagram\" width=\"1000\" height=\"1768\" src=\"https:\/\/caras.com.br\/wp-content\/uploads\/2026\/02\/mes-bolo-clara.avif\"  \/>M\u00easvers\u00e1rio de Clara \u2013 Foto: Reprodu\u00e7\u00e3o\/Instagram Camila Queiroz surpreende ao fazer boa a\u00e7\u00e3o <\/p>\n<p>No in\u00edcio do m\u00eas de fevereiro, a atriz Camila Queiroz realizou uma boa a\u00e7\u00e3o ap\u00f3s o nascimento de sua filha. Em suas redes sociais, a artista contou que passou a doar leite materno e aproveitou o momento para incentivar outras m\u00e3es a fazerem o mesmo.<\/p>\n<p>\u201cHoje \u00e9 dia de coleta de leite materno por aqui. Se voc\u00ea, mam\u00e3e, est\u00e1 amamentando e tem um pouquinho de leite sobrando por a\u00ed, a sua doa\u00e7\u00e3o pode salvar a vida de muitos beb\u00eas prematuros ou de baixo peso internados em UTIs neonatais, pois fortalece o sistema imunol\u00f3gico, previne infec\u00e7\u00f5es graves e reduz a mortalidade infantil\u201d, iniciou ela em seus stories.<\/p>\n<p>Camila admitiu a praticidade no processo de doa\u00e7\u00e3o. \u201c\u00c9 muito f\u00e1cil doar. Eles entregam e retiram os potes ou saquinhos na sua casa, trazendo ainda mais conforto e praticidade para esse momento\u201d, completou a famosa. \u201cCada ml conta muito e pode salvar a vida de muitas crian\u00e7as\u201d, continuou ela.<\/p>\n<p><strong>Leia tamb\u00e9m:\u00a0<\/strong><a href=\"https:\/\/caras.com.br\/bebe\/klebber-toledo-encanta-ao-postar-novas-fotos-com-a-filha-adaptando-a-rotina.phtml\" rel=\"nofollow noopener\" target=\"_blank\">Klebber Toledo encanta ao postar novas fotos com a filha: \u2018Adaptando a rotina\u2019<\/a><br \/><b\/><\/p>\n<p>        <a href=\"https:\/\/caras.com.br\/autor\/giovanna-f-campos\" rel=\"nofollow noopener\" target=\"_blank\">&#13;<br \/>\n          <img loading=\"lazy\" decoding=\"async\" alt=\"Giovanna F Campos\" src=\"https:\/\/www.europesays.com\/pt\/wp-content\/uploads\/2025\/09\/1758588909_721_525986578_1657136028311574_5510063872310493577_n-150x150.jpg\" class=\"avatar avatar-115 photo rounded-circle\" height=\"115\" width=\"115\"\/>        <\/a><\/p>\n<p>Giovanna F Campos \u00e9 estudante de jornalismo pela Faculdade C\u00e1sper L\u00edbero, apaixonada por entretenimento e literatura.<\/p>\n","protected":false},"excerpt":{"rendered":"A atriz Camila Queiroz compartilhou em suas redes sociais alguns detalhes do mesvers\u00e1rio de sua filha Clara, fruto&hellip;\n","protected":false},"author":2,"featured_media":267849,"comment_status":"","ping_status":"","sticky":false,"template":"","format":"standard","meta":{"footnotes":"","_share_on_mastodon":"0"},"categories":[145],"tags":[10584,11700,211,210,114,115,49444,49445,32,33],"class_list":["post-267848","post","type-post","status-publish","format-standard","has-post-thumbnail","category-celebridades","tag-bolo","tag-camila-queiroz","tag-celebridades","tag-celebrities","tag-entertainment","tag-entretenimento","tag-festa-de-mesversario","tag-filha-camila-queiroz","tag-portugal","tag-pt"],"share_on_mastodon":{"url":"https:\/\/pubeurope.com\/@pt\/116061717380746050","error":""},"_links":{"self":[{"href":"https:\/\/www.europesays.com\/pt\/wp-json\/wp\/v2\/posts\/267848","targetHints":{"allow":["GET"]}}],"collection":[{"href":"https:\/\/www.europesays.com\/pt\/wp-json\/wp\/v2\/posts"}],"about":[{"href":"https:\/\/www.europesays.com\/pt\/wp-json\/wp\/v2\/types\/post"}],"author":[{"embeddable":true,"href":"https:\/\/www.europesays.com\/pt\/wp-json\/wp\/v2\/users\/2"}],"replies":[{"embeddable":true,"href":"https:\/\/www.europesays.com\/pt\/wp-json\/wp\/v2\/comments?post=267848"}],"version-history":[{"count":0,"href":"https:\/\/www.europesays.com\/pt\/wp-json\/wp\/v2\/posts\/267848\/revisions"}],"wp:featuredmedia":[{"embeddable":true,"href":"https:\/\/www.europesays.com\/pt\/wp-json\/wp\/v2\/media\/267849"}],"wp:attachment":[{"href":"https:\/\/www.europesays.com\/pt\/wp-json\/wp\/v2\/media?parent=267848"}],"wp:term":[{"taxonomy":"category","embeddable":true,"href":"https:\/\/www.europesays.com\/pt\/wp-json\/wp\/v2\/categories?post=267848"},{"taxonomy":"post_tag","embeddable":true,"href":"https:\/\/www.europesays.com\/pt\/wp-json\/wp\/v2\/tags?post=267848"}],"curies":[{"name":"wp","href":"https:\/\/api.w.org\/{rel}","templated":true}]}}