{"id":26785,"date":"2025-08-12T21:24:06","date_gmt":"2025-08-12T21:24:06","guid":{"rendered":"https:\/\/www.europesays.com\/pt\/26785\/"},"modified":"2025-08-12T21:24:06","modified_gmt":"2025-08-12T21:24:06","slug":"arquiteto-da-detalhes-de-mansao-que-ivete-ergue-na-bahia-percalcos","status":"publish","type":"post","link":"https:\/\/www.europesays.com\/pt\/26785\/","title":{"rendered":"Arquiteto d\u00e1 detalhes de mans\u00e3o que Ivete ergue na Bahia: &#8216;Percal\u00e7os&#8217;"},"content":{"rendered":"<p>O arquiteto Gabriel Lustosa, respons\u00e1vel pelas obras da mans\u00e3o que a <a href=\"https:\/\/www.ibahia.com\/tag\/Ivete%20Sangalo\" target=\"_blank\" data-rel-defined=\"\" rel=\"nofollow noopener\">cantora baiana Ivete Sangalo, 53 anos<\/a>, est\u00e1 construindo em <a href=\"https:\/\/www.ibahia.com\/tag\/juazeiro\" target=\"_blank\" data-rel-defined=\"\" rel=\"nofollow noopener\">Juazeiro (BA), cidade onde nasceu e foi criada<\/a>, deu detalhes do projeto nesta ter\u00e7a-feira (12).<\/p>\n<p><img decoding=\"async\" src=\"https:\/\/www.europesays.com\/pt\/wp-content\/uploads\/2025\/08\/Arquiteto-da-detalhes-de-mansao-que-Ivete-ergue-na0034353600202508121444-7.webp\" alt=\"&#13;&#10;&#9;&#9;&#9;&#9;&#9;Arquiteto d\u00e1 detalhes de mans\u00e3o que Ivete ergue na Bahia: 'Percal\u00e7os'&#13;&#10;&#9;&#9;&#9;&#9;&#13;&#10;&#9;&#9;&#9;&#9;\"\/>Arquiteto d\u00e1 detalhes de mans\u00e3o que Ivete ergue na Bahia: &#8216;Percal\u00e7os&#8217;. \u200bFoto: Instagram\/Reprodu\u00e7\u00e3o<\/p>\n<p>Segundo ele, Ivete est\u00e1 acompanhando tudo de perto e amou o projeto da mans\u00e3o. &#8220;Ela t\u00e1 super encantada com o projeto. Mas, como toda obra, tem seus percal\u00e7os. Mas, no geral, ela \u00e9 uma pessoa bem tranquila, bem acess\u00edvel. A gente manda mensagem para ela, ela responde&#8230; reuni\u00e3o online tamb\u00e9m a gente consegue fazer de forma bem fluida. Tudo t\u00e1 ocorrendo bem&#8221;, contou nos stories do Instagram.<\/p>\n<p>CONTINUA AP\u00d3S A PUBLICIDADELeia tamb\u00e9m:<\/p>\n<p>O im\u00f3vel, localizado \u00e0 beira do Rio S\u00e3o Francisco, na divisa entre Juazeiro e Petrolina, vai se integrar \u00e0 natureza. &#8220;Quando a casa tiver pronta, eu vou mostrar, tirar fotos para poder postar. Em rela\u00e7\u00e3o \u00e0 planta, eu prefiro n\u00e3o mostrar. Por\u00e9m, existem ambientes que eu consigo postar aqui. Tem uma \u00e1rea interna ali, um jardim que a gente fez que ficou bem bacana&#8230;&#8221;, antecipou.<\/p>\n<p><img decoding=\"async\" loading=\"lazy\" alt=\"iBahia\" src=\"https:\/\/www.ibahia.com\/themes\/default\/assets\/img\/iconesColoridos\/play_ibahia.svg\"\/><\/p>\n<p>V\u00eddeo: Reprodu\u00e7\u00e3o \/ Redes sociais<\/p>\n<p>Ivete Sangalo visitou obra da mans\u00e3o que constr\u00f3i em Juazeiro<\/p>\n<p>A artista visitou o local na \u00faltima semana e apareceu em um registro publicado por ele h\u00e1 tr\u00eas dias. &#8220;No cora\u00e7\u00e3o da obra, j\u00e1 \u00e9 poss\u00edvel sentir a energia dessa casa de ro\u00e7a \u00e0 beira do rio. Um projeto cheio de natureza, alma e muito ax\u00e9! Pronto para receber a fam\u00edlia e muitas boas risadas. Obrigado pela confian\u00e7a, Ivete&#8221;, escreveu o profissional na legenda da imagem.<\/p>\n<blockquote class=\"instagram-media\" data-instgrm-captioned=\"\" data-instgrm-permalink=\"https:\/\/www.instagram.com\/p\/DNHILpKJhjb\/?utm_source=ig_embed&amp;utm_campaign=loading\" data-instgrm-version=\"14\" style=\"background:#fff;border:0;border-radius:3px;box-shadow:0 0 1px 0 rgba(0,0,0,.5),0 1px 10px 0 rgba(0,0,0,.15);margin:1px;max-width:540px;min-width:326px;padding:0;width:99.375%;width:-webkit-calc(100% - 2px);width:calc(100% - 2px)\"\/>\n<p>Al\u00e9m da imagem, \u00e9 poss\u00edvel ver um grande p\u00e9 de seriguela (\u00e1rvore frut\u00edfera tropical que produz pequenos frutos amarelos, doces e azedos, muito comuns no Nordeste do Brasil) no quintal da resid\u00eancia. &#8220;Vamos mant\u00ea-lo e plantar muitos outros. Inclusive, o projeto foi pautado nas \u00e1rvores j\u00e1 existentes&#8221;, informou o arquiteto.<\/p>\n<p><img decoding=\"async\" loading=\"lazy\" src=\"https:\/\/www.europesays.com\/pt\/wp-content\/uploads\/2025\/08\/Arquiteto-da-detalhes-de-mansao-que-Ivete-ergue-na0034353601202508121444-7.webp\" alt=\"&#13;&#10;&#9;&#9;&#9;&#9;&#9;Arquiteto d\u00e1 detalhes de mans\u00e3o que Ivete ergue na Bahia: 'Percal\u00e7os'&#13;&#10;&#9;&#9;&#9;&#9;&#13;&#10;&#9;&#9;&#9;&#9;\"\/>Foto: Instagram<\/p>\n<p>Ivete j\u00e1 \u00e9 dona de uma mans\u00e3o em Praia do Forte, praia do munic\u00edpio Mata de S\u00e3o Jo\u00e3o (BA), al\u00e9m de um apartamento luxuoso no Corredor da Vit\u00f3ria, em Salvador (BA).<\/p>\n<p>A cantora pediu que o novo im\u00f3vel tivesse elementos que combinassem com a cor do rio. &#8220;A gente est\u00e1 fazendo um trabalho lindo l\u00e1 no rio. Eu inventando minhas coisas, querendo tudo na casa da cor do rio, da cor da terra, da cor disso, da cor daquilo\u2026 e esse homem t\u00e1 correndo. Mas t\u00e1 ficando tudo lindo. Estou afim de engajar com essa casa. Eu sou reservada com essas coisas, mas a casa t\u00e1 t\u00e3o babado que eu vou engajar com ela. Tem a simplicidade do rio, mas t\u00e1 chiqu\u00e9rrima&#8221;, disse Ivete nas redes sociais no m\u00eas passado.<\/p>\n<p>Assista ao &#8216;De Hoje a Oito&#8217;, podcast de entretenimento do Ibahia:<img decoding=\"async\" loading=\"lazy\" alt=\"iBahia\" src=\"https:\/\/www.ibahia.com\/themes\/default\/assets\/img\/iconesColoridos\/play_ibahia.svg\"\/><a href=\"https:\/\/whatsapp.com\/channel\/0029Va9txkjAO7RM9mBtwQ2G\" target=\"_blank\" data-mrf-link=\"https:\/\/whatsapp.com\/channel\/0029Va9txkjAO7RM9mBtwQ2G\" cmp-ltrk=\"Corpo do Artigo\" cmp-ltrk-idx=\"3\" mrfobservableid=\"8a9f5b5f-2b7a-4b86-9be2-e5f32317d952\" aria-label=\"Acesse nossa comunidade do whatsapp!\" id=\"CTAIbahia\" rel=\"nofollow noopener\"><\/p>\n<p>Participe do canal<br \/>no Whatsapp e receba <b>not\u00edcias em primeira m\u00e3o!<\/b><\/p>\n<p>Acesse a comunidade<\/p>\n<p><img decoding=\"async\" class=\"ctaDesktop\" loading=\"lazy\" src=\"https:\/\/www.europesays.com\/pt\/wp-content\/uploads\/2025\/08\/1754776943_259_mockup_grupos_wpp.png\" alt=\"Acesse nossa comunidade do whatsapp, clique abaixo!\"\/><\/a>Tags:<script async src=\"\/\/www.instagram.com\/embed.js\"><\/script><\/p>\n","protected":false},"excerpt":{"rendered":"O arquiteto Gabriel Lustosa, respons\u00e1vel pelas obras da mans\u00e3o que a cantora baiana Ivete Sangalo, 53 anos, est\u00e1&hellip;\n","protected":false},"author":2,"featured_media":26786,"comment_status":"","ping_status":"","sticky":false,"template":"","format":"standard","meta":{"footnotes":""},"categories":[144],"tags":[207,205,206,203,201,202,204,114,115,32,33],"class_list":{"0":"post-26785","1":"post","2":"type-post","3":"status-publish","4":"format-standard","5":"has-post-thumbnail","7":"category-arte-e-design","8":"tag-arte","9":"tag-arte-e-design","10":"tag-artedesign","11":"tag-arts","12":"tag-arts-and-design","13":"tag-artsanddesign","14":"tag-design","15":"tag-entertainment","16":"tag-entretenimento","17":"tag-portugal","18":"tag-pt"},"share_on_mastodon":{"url":"","error":""},"_links":{"self":[{"href":"https:\/\/www.europesays.com\/pt\/wp-json\/wp\/v2\/posts\/26785","targetHints":{"allow":["GET"]}}],"collection":[{"href":"https:\/\/www.europesays.com\/pt\/wp-json\/wp\/v2\/posts"}],"about":[{"href":"https:\/\/www.europesays.com\/pt\/wp-json\/wp\/v2\/types\/post"}],"author":[{"embeddable":true,"href":"https:\/\/www.europesays.com\/pt\/wp-json\/wp\/v2\/users\/2"}],"replies":[{"embeddable":true,"href":"https:\/\/www.europesays.com\/pt\/wp-json\/wp\/v2\/comments?post=26785"}],"version-history":[{"count":0,"href":"https:\/\/www.europesays.com\/pt\/wp-json\/wp\/v2\/posts\/26785\/revisions"}],"wp:featuredmedia":[{"embeddable":true,"href":"https:\/\/www.europesays.com\/pt\/wp-json\/wp\/v2\/media\/26786"}],"wp:attachment":[{"href":"https:\/\/www.europesays.com\/pt\/wp-json\/wp\/v2\/media?parent=26785"}],"wp:term":[{"taxonomy":"category","embeddable":true,"href":"https:\/\/www.europesays.com\/pt\/wp-json\/wp\/v2\/categories?post=26785"},{"taxonomy":"post_tag","embeddable":true,"href":"https:\/\/www.europesays.com\/pt\/wp-json\/wp\/v2\/tags?post=26785"}],"curies":[{"name":"wp","href":"https:\/\/api.w.org\/{rel}","templated":true}]}}