{"id":26791,"date":"2025-08-12T21:29:13","date_gmt":"2025-08-12T21:29:13","guid":{"rendered":"https:\/\/www.europesays.com\/pt\/26791\/"},"modified":"2025-08-12T21:29:13","modified_gmt":"2025-08-12T21:29:13","slug":"deportivo-da-corunha-trava-saida-do-alvo-do-sporting-yeremay-hernandez-nao-negociamos","status":"publish","type":"post","link":"https:\/\/www.europesays.com\/pt\/26791\/","title":{"rendered":"Deportivo da Corunha trava sa\u00edda do alvo do Sporting Yeremay Hern\u00e1ndez: \u00abN\u00e3o negociamos\u00bb"},"content":{"rendered":"<p><strong>O Deportivo da Corunha n\u00e3o quer perder Yeremay Hern\u00e1ndez neste mercado. Extremo \u00e9 alvo do Sporting nesta janela.<\/strong><\/p>\n<p>O Sporting\u00a0<a href=\"https:\/\/bolanarede.pt\/especial-bola-na-rede\/atualidade\/sporting-faz-proposta-oficial-por-yeremay-hernandez\/\" target=\"_blank\" rel=\"noreferrer noopener nofollow\">lan\u00e7ou-se na corrida por Yeremay Hern\u00e1ndez<\/a>, mas qualquer negocia\u00e7\u00e3o ser\u00e1 dif\u00edcil. Em conversa com os meios de comunica\u00e7\u00e3o locais, Fernando Soriano, diretor desportivo do Deportivo da Corunha travou a sa\u00edda do extremo espanhol. <\/p>\n<p>\u00abO Yeremay est\u00e1 tranquilo e feliz. A postura do clube \u00e9 clara: n\u00e3o negociamos. Queremos reter talento, ainda mais se \u00e9 de Abegondo [munic\u00edpio de Corunha]. Podemos ouvir, podem chegar ofertas, mas todos sabem que o nosso prop\u00f3sito \u00e9 manter a melhor equipa poss\u00edvel\u00bb, destacou Fernando Soriano. <\/p>\n<p>No in\u00edcio do ver\u00e3o, a cl\u00e1usula de rescis\u00e3o de Yeremay Hern\u00e1ndez<a href=\"https:\/\/bolanarede.pt\/especial-bola-na-rede\/atualidade\/sporting-tem-concorrencia-da-premier-league-por-yeremay-hernandez-e-ja-conhece-o-preco-do-extremo\/\" target=\"_blank\" rel=\"noreferrer noopener nofollow\"> era de 35 milh\u00f5es de euros<\/a>, um valor que ter\u00e1 subido de acordo com a imprensa espanhola. Aliado ao valor, o extremo pretende continuar na Galiza e travou uma sa\u00edda para o Como 1907 neste mercado. <\/p>\n<p>Aos 22 anos, o extremo terminou a \u00faltima \u00e9poca com 15 golos e cinco assist\u00eancias em 39 jogos pelo Depor.<a href=\"https:\/\/bolanarede.pt\/especial-bola-na-rede\/atualidade\/quem-e-yeremay-hernandez-e-como-pode-ser-o-encaixe-do-extremo-no-sporting\/\" target=\"_blank\" rel=\"noreferrer noopener nofollow\">\u00a0Conhece melhor o jogador e o seu poss\u00edvel encaixe em Alvalade.<\/a><\/p>\n","protected":false},"excerpt":{"rendered":"O Deportivo da Corunha n\u00e3o quer perder Yeremay Hern\u00e1ndez neste mercado. Extremo \u00e9 alvo do Sporting nesta janela.&hellip;\n","protected":false},"author":2,"featured_media":26792,"comment_status":"","ping_status":"","sticky":false,"template":"","format":"standard","meta":{"footnotes":""},"categories":[87],"tags":[260,9225,135,478,3085,32,479,33,34,134,9128],"class_list":{"0":"post-26791","1":"post","2":"type-post","3":"status-publish","4":"format-standard","5":"has-post-thumbnail","7":"category-desporto","8":"tag-atualidade","9":"tag-deportivo-da-corunha","10":"tag-desporto","11":"tag-destaques-bnr","12":"tag-la-liga-2","13":"tag-portugal","14":"tag-primeira-liga","15":"tag-pt","16":"tag-sporting","17":"tag-sports","18":"tag-yeremay-hernandez"},"share_on_mastodon":{"url":"","error":""},"_links":{"self":[{"href":"https:\/\/www.europesays.com\/pt\/wp-json\/wp\/v2\/posts\/26791","targetHints":{"allow":["GET"]}}],"collection":[{"href":"https:\/\/www.europesays.com\/pt\/wp-json\/wp\/v2\/posts"}],"about":[{"href":"https:\/\/www.europesays.com\/pt\/wp-json\/wp\/v2\/types\/post"}],"author":[{"embeddable":true,"href":"https:\/\/www.europesays.com\/pt\/wp-json\/wp\/v2\/users\/2"}],"replies":[{"embeddable":true,"href":"https:\/\/www.europesays.com\/pt\/wp-json\/wp\/v2\/comments?post=26791"}],"version-history":[{"count":0,"href":"https:\/\/www.europesays.com\/pt\/wp-json\/wp\/v2\/posts\/26791\/revisions"}],"wp:featuredmedia":[{"embeddable":true,"href":"https:\/\/www.europesays.com\/pt\/wp-json\/wp\/v2\/media\/26792"}],"wp:attachment":[{"href":"https:\/\/www.europesays.com\/pt\/wp-json\/wp\/v2\/media?parent=26791"}],"wp:term":[{"taxonomy":"category","embeddable":true,"href":"https:\/\/www.europesays.com\/pt\/wp-json\/wp\/v2\/categories?post=26791"},{"taxonomy":"post_tag","embeddable":true,"href":"https:\/\/www.europesays.com\/pt\/wp-json\/wp\/v2\/tags?post=26791"}],"curies":[{"name":"wp","href":"https:\/\/api.w.org\/{rel}","templated":true}]}}