{"id":26811,"date":"2025-08-12T21:55:10","date_gmt":"2025-08-12T21:55:10","guid":{"rendered":"https:\/\/www.europesays.com\/pt\/26811\/"},"modified":"2025-08-12T21:55:10","modified_gmt":"2025-08-12T21:55:10","slug":"robert-plant-confirma-ter-sido-convidado-por-tony-iommi-para-despedida-do-black-sabbath","status":"publish","type":"post","link":"https:\/\/www.europesays.com\/pt\/26811\/","title":{"rendered":"Robert Plant confirma ter sido convidado por Tony Iommi para despedida do Black Sabbath"},"content":{"rendered":"<p>Durante entrevista \u00e0 revista <a href=\"https:\/\/www.mojo4music.com\/articles\/stories\/robert-plant-to-do-it-for-the-sake-of-it-was-never-what-led-zeppelin-were-about\/\" rel=\"nofollow noopener\" target=\"_blank\">Mojo<\/a>, Robert Plant confirmou ter sido convidado pessoalmente pelo guitarrista Tony Iommi para &#8220;Back to the Beginning&#8221;, show que marcou a despedida de Ozzy Osbourne \u2013 que faleceu 17 dias mais tarde \u2013 e do Black Sabbath. No entanto, preferiu ficar de fora.<\/p>\n<p><a href=\"https:\/\/whiplash.net\/bandas\/b\/blacksabbath.html\" class=\"linkBotao\" rel=\"nofollow noopener\" target=\"_blank\">Black Sabbath &#8211; Mais Novidades<\/a><br \/><a target=\"_blank\" href=\"https:\/\/www.europesays.com\/pt\/wp-content\/uploads\/2025\/08\/robertplant_carry_fire_cover_por_mads_pearch.jpg\"><img loading=\"lazy\" decoding=\"async\" src=\"https:\/\/www.europesays.com\/pt\/wp-content\/uploads\/2025\/08\/robertplant_carry_fire_cover_por_mads_pearch.jpg\" class=\"widthConstrained\" width=\"700\" height=\"501\" alt=\"Foto: Mads Perch\"\/><\/a>Foto: Mads Perch<\/p>\n<p>CONTINUA DEPOIS DA PUBLICIDADE &#8211; CLI<\/p>\n<p>&#13;<br \/>\n&#13;<br \/>\n&#13;<br \/>\n&#13;<br \/>\n&#13;<br \/>\n&#13;<br \/>\n&#13;<br \/>\n&#13;<br \/>\n<a href=\"https:\/\/whiplash.net\/materias\/whiplash\/027002.html\" rel=\"nofollow noopener\" target=\"_blank\"><img decoding=\"async\" src=\"https:\/\/www.europesays.com\/pt\/wp-content\/uploads\/2025\/08\/1754704269_488_anunciar_diabo_336x280.gif\" loading=\"lazy\" width=\"336\" height=\"280\" class=\"widthConstrained\" style=\"background-color:#000000;display:block;\" alt=\"Anunciar bandas e shows de Rock e Heavy Metal\"\/><\/a>&#13;<\/p>\n<p>&#8220;Eu disse, \u2018Tony, adoraria ir, mas n\u00e3o posso. Simplesmente n\u00e3o posso.\u2019 N\u00e3o estou dizendo que prefiro sair com Peter Gabriel ou Youssou N&#8217;Dour, mas n\u00e3o sei nada sobre o que est\u00e1 acontecendo naquele mundo agora. N\u00e3o o condeno, n\u00e3o tenho nada contra. \u00c9 que encontrei outros lugares que s\u00e3o t\u00e3o ricos.&#8221;<\/p>\n<p>Nascido em West Bromwich, vizinha a Birmingham, <a href=\"https:\/\/whiplash.net\/bandas\/r\/robertplant.html\" class=\"hotwords\" rel=\"nofollow noopener\" target=\"_blank\">Robert Plant<\/a> teve grande proximidade com a cena local, conhecendo todos os integrantes do <a href=\"https:\/\/whiplash.net\/bandas\/b\/blacksabbath.html\" class=\"hotwords\" rel=\"nofollow noopener\" target=\"_blank\">Black Sabbath<\/a> desde antes da fama. Da mesma forma, o baterista <a href=\"https:\/\/whiplash.net\/bandas\/j\/johnbonham.html\" class=\"hotwords\" rel=\"nofollow noopener\" target=\"_blank\">John Bonham<\/a> tamb\u00e9m foi amigo dos patriarcas do heavy metal, tendo sido at\u00e9 mesmo padrinho do primeiro casamento de <a href=\"https:\/\/whiplash.net\/bandas\/t\/tonyiommi.html\" class=\"hotwords\" rel=\"nofollow noopener\" target=\"_blank\">Tony Iommi<\/a>.<\/p>\n<p>&#8220;Back to the Beginning&#8221; foi testemunhado pelas mais de 40 mil pessoas presentes no Villa Park, est\u00e1dio do Aston Villa. Outros 5,8 milh\u00f5es ao redor do mundo adquiriram o streaming para assistir a transmiss\u00e3o ao vivo. Em breve, uma vers\u00e3o editada ser\u00e1 disponibilizada nos cinemas, ganhando posterior lan\u00e7amento em formatos dom\u00e9sticos.<\/p>\n<p>CONTINUA DEPOIS DA PUBLICIDADE &#8211; GOO<\/p>\n<p>&#13;<br \/>\n&#13;<br \/>\n&#13;<br \/>\n&#13;<br \/>\n<a href=\"https:\/\/whiplash.net\/materias\/whiplash\/027002.html\" rel=\"nofollow noopener\" target=\"_blank\"><img decoding=\"async\" src=\"https:\/\/www.europesays.com\/pt\/wp-content\/uploads\/2025\/08\/1754704269_488_anunciar_diabo_336x280.gif\" loading=\"lazy\" width=\"336\" height=\"280\" alt=\"Anunciar no Whiplash.Net\"\/><\/a>&#13;<br \/>\n&#13;<br \/>\n&#13;<br \/>\n&#13;<br \/>\n&#13;<br \/>\n&#13;<br \/>\n<a href=\"https:\/\/whiplash.net\/materias\/whiplash\/027002.html\" rel=\"nofollow noopener\" target=\"_blank\"><img decoding=\"async\" src=\"https:\/\/www.europesays.com\/pt\/wp-content\/uploads\/2025\/08\/1754704269_488_anunciar_diabo_336x280.gif\" loading=\"lazy\" width=\"336\" height=\"280\" class=\"widthConstrained\" style=\"background-color:#000000;display:block;\" alt=\"Anunciar bandas e shows de Rock e Heavy Metal\"\/><\/a>&#13;<\/p>\n","protected":false},"excerpt":{"rendered":"Durante entrevista \u00e0 revista Mojo, Robert Plant confirmou ter sido convidado pessoalmente pelo guitarrista Tony Iommi para &#8220;Back&hellip;\n","protected":false},"author":2,"featured_media":26812,"comment_status":"","ping_status":"","sticky":false,"template":"","format":"standard","meta":{"footnotes":""},"categories":[141],"tags":[114,115,149,150,32,33],"class_list":{"0":"post-26811","1":"post","2":"type-post","3":"status-publish","4":"format-standard","5":"has-post-thumbnail","7":"category-musica","8":"tag-entertainment","9":"tag-entretenimento","10":"tag-music","11":"tag-musica","12":"tag-portugal","13":"tag-pt"},"share_on_mastodon":{"url":"","error":""},"_links":{"self":[{"href":"https:\/\/www.europesays.com\/pt\/wp-json\/wp\/v2\/posts\/26811","targetHints":{"allow":["GET"]}}],"collection":[{"href":"https:\/\/www.europesays.com\/pt\/wp-json\/wp\/v2\/posts"}],"about":[{"href":"https:\/\/www.europesays.com\/pt\/wp-json\/wp\/v2\/types\/post"}],"author":[{"embeddable":true,"href":"https:\/\/www.europesays.com\/pt\/wp-json\/wp\/v2\/users\/2"}],"replies":[{"embeddable":true,"href":"https:\/\/www.europesays.com\/pt\/wp-json\/wp\/v2\/comments?post=26811"}],"version-history":[{"count":0,"href":"https:\/\/www.europesays.com\/pt\/wp-json\/wp\/v2\/posts\/26811\/revisions"}],"wp:featuredmedia":[{"embeddable":true,"href":"https:\/\/www.europesays.com\/pt\/wp-json\/wp\/v2\/media\/26812"}],"wp:attachment":[{"href":"https:\/\/www.europesays.com\/pt\/wp-json\/wp\/v2\/media?parent=26811"}],"wp:term":[{"taxonomy":"category","embeddable":true,"href":"https:\/\/www.europesays.com\/pt\/wp-json\/wp\/v2\/categories?post=26811"},{"taxonomy":"post_tag","embeddable":true,"href":"https:\/\/www.europesays.com\/pt\/wp-json\/wp\/v2\/tags?post=26811"}],"curies":[{"name":"wp","href":"https:\/\/api.w.org\/{rel}","templated":true}]}}