{"id":268362,"date":"2026-02-13T14:03:22","date_gmt":"2026-02-13T14:03:22","guid":{"rendered":"https:\/\/www.europesays.com\/pt\/268362\/"},"modified":"2026-02-13T14:03:22","modified_gmt":"2026-02-13T14:03:22","slug":"carro-eletrico-explode-e-obriga-a-evacuacao-do-edificio-da-nos","status":"publish","type":"post","link":"https:\/\/www.europesays.com\/pt\/268362\/","title":{"rendered":"Carro el\u00e9trico explode e obriga \u00e0 evacua\u00e7\u00e3o do edif\u00edcio da NOS"},"content":{"rendered":"<p>Um carro el\u00e9trico incendiou\u2011se esta quinta\u2011feira de manh\u00e3 na garagem de um edif\u00edcio da NOS localizado na Rua do Polo Norte, no Parque das Na\u00e7\u00f5es, levando \u00e0 evacua\u00e7\u00e3o preventiva de todo o bloco e \u00e0 mobiliza\u00e7\u00e3o dos Bombeiros Sapadores de Lisboa.<\/p>\n<p><a target=\"_blank\" href=\"https:\/\/www.europesays.com\/pt\/wp-content\/uploads\/2026\/02\/carro_nos_00.jpg\" onclick=\"refreshIframe()\" class=\"foobox\"><img fetchpriority=\"high\" decoding=\"async\" src=\"https:\/\/www.europesays.com\/pt\/wp-content\/uploads\/2026\/02\/carro_nos_00.jpg\" alt=\"\" width=\"720\" height=\"405\" class=\"aligncenter size-full wp-image-1103312\"  \/><\/a><\/p>\n<p>Carro el\u00e9trico explode! N\u00e3o h\u00e1 vitimas a registar<\/p>\n<p>Segundo as informa\u00e7\u00f5es das autoridades, o ve\u00edculo de propuls\u00e3o totalmente el\u00e9trica come\u00e7ou a arder de forma espont\u00e2nea na zona subterr\u00e2nea da garagem, tendo desencadeado uma pequena explos\u00e3o antes de se propagar o fogo.<\/p>\n<p>A r\u00e1pida forma\u00e7\u00e3o de fumo denso no interior da garagem foi a principal raz\u00e3o para que os servi\u00e7os de emerg\u00eancia determinassem a sa\u00edda imediata de residentes e trabalhadores do edif\u00edcio.<\/p>\n<p>No local est\u00e3o presentes v\u00e1rias viaturas dos Sapadores de Lisboa a combater as chamas e ventilar os espa\u00e7os, enquanto as for\u00e7as policiais apoiam na gest\u00e3o do per\u00edmetro de seguran\u00e7a. At\u00e9 ao momento, <strong>n\u00e3o h\u00e1 confirma\u00e7\u00e3o oficial de v\u00edtimas ou feridos<\/strong>, com as equipas a procederem \u00e0 avalia\u00e7\u00e3o da situa\u00e7\u00e3o.<\/p>\n<p><a target=\"_blank\" href=\"https:\/\/pplware.sapo.pt\/wp-content\/uploads\/2026\/02\/sapadores-lisboa-bombeiros-1.jpg\" onclick=\"refreshIframe()\" class=\"foobox\" rel=\"nofollow noopener\"><img loading=\"lazy\" decoding=\"async\" src=\"https:\/\/www.europesays.com\/pt\/wp-content\/uploads\/2026\/02\/sapadores-lisboa-bombeiros-1-720x384.jpg\" alt=\"\" width=\"720\" height=\"384\" class=\"aligncenter size-medium wp-image-1103314\"  \/><\/a><\/p>\n<p>O incidente surge num contexto em que os carros el\u00e9tricos se tornam cada vez mais comuns nas cidades portuguesas, levantando quest\u00f5es sobre seguran\u00e7a das baterias de i\u00f5es de l\u00edtio e dos sistemas de carregamento em espa\u00e7os fechados, aspetos que especialistas t\u00eam apontado como cr\u00edticos em caso de inc\u00eandio.<\/p>\n<p>As opera\u00e7\u00f5es de rescaldo e investiga\u00e7\u00e3o prosseguem, com os bombeiros a avaliarem o interior da garagem e a assegurarem que n\u00e3o existe risco de novos focos de inc\u00eandio antes da reentrada no edif\u00edcio.<\/p>\n<p class=\"x_MsoNormal\" data-olk-copy-source=\"MessageBody\"><strong>Declara\u00e7\u00e3o de fonte oficial da NOS<\/strong><\/p>\n<blockquote>\n<p class=\"x_MsoNormal\">Na sequ\u00eancia do incidente ocorrido esta manh\u00e3, foi imediatamente ativado o plano de conting\u00eancia, tendo sido desencadeados todos os procedimentos de seguran\u00e7a previstos.<\/p>\n<p class=\"x_MsoNormal\">O edif\u00edcio foi evacuado com rapidez e de forma organizada, em estreita articula\u00e7\u00e3o com as autoridades competentes.<\/p>\n<p class=\"x_MsoNormal\">Foram igualmente ativados os mecanismos de redund\u00e2ncia, que asseguram o normal funcionamento da opera\u00e7\u00e3o da NOS.<\/p>\n<p class=\"x_MsoNormal\">N\u00e3o h\u00e1 registo de feridos.<\/p>\n<p class=\"x_MsoNormal\">Continuaremos a acompanhar a situa\u00e7\u00e3o e a colaborar com as entidades respons\u00e1veis.<\/p>\n<\/blockquote>\n","protected":false},"excerpt":{"rendered":"Um carro el\u00e9trico incendiou\u2011se esta quinta\u2011feira de manh\u00e3 na garagem de um edif\u00edcio da NOS localizado na Rua&hellip;\n","protected":false},"author":2,"featured_media":268363,"comment_status":"","ping_status":"","sticky":false,"template":"","format":"standard","meta":{"footnotes":"","_share_on_mastodon":"0"},"categories":[8],"tags":[27,28,744,15,16,14,25,26,21,22,12,17360,13,19,20,32,23,24,33,17,18,29,30,31],"class_list":["post-268362","post","type-post","status-publish","format-standard","has-post-thumbnail","category-principais-noticias","tag-breaking-news","tag-breakingnews","tag-carro-eletrico","tag-featured-news","tag-featurednews","tag-headlines","tag-latest-news","tag-latestnews","tag-main-news","tag-mainnews","tag-news","tag-nos","tag-noticias","tag-noticias-principais","tag-noticiasprincipais","tag-portugal","tag-principais-noticias","tag-principaisnoticias","tag-pt","tag-top-stories","tag-topstories","tag-ultimas","tag-ultimas-noticias","tag-ultimasnoticias"],"share_on_mastodon":{"url":"https:\/\/pubeurope.com\/@pt\/116063699545004659","error":""},"_links":{"self":[{"href":"https:\/\/www.europesays.com\/pt\/wp-json\/wp\/v2\/posts\/268362","targetHints":{"allow":["GET"]}}],"collection":[{"href":"https:\/\/www.europesays.com\/pt\/wp-json\/wp\/v2\/posts"}],"about":[{"href":"https:\/\/www.europesays.com\/pt\/wp-json\/wp\/v2\/types\/post"}],"author":[{"embeddable":true,"href":"https:\/\/www.europesays.com\/pt\/wp-json\/wp\/v2\/users\/2"}],"replies":[{"embeddable":true,"href":"https:\/\/www.europesays.com\/pt\/wp-json\/wp\/v2\/comments?post=268362"}],"version-history":[{"count":0,"href":"https:\/\/www.europesays.com\/pt\/wp-json\/wp\/v2\/posts\/268362\/revisions"}],"wp:featuredmedia":[{"embeddable":true,"href":"https:\/\/www.europesays.com\/pt\/wp-json\/wp\/v2\/media\/268363"}],"wp:attachment":[{"href":"https:\/\/www.europesays.com\/pt\/wp-json\/wp\/v2\/media?parent=268362"}],"wp:term":[{"taxonomy":"category","embeddable":true,"href":"https:\/\/www.europesays.com\/pt\/wp-json\/wp\/v2\/categories?post=268362"},{"taxonomy":"post_tag","embeddable":true,"href":"https:\/\/www.europesays.com\/pt\/wp-json\/wp\/v2\/tags?post=268362"}],"curies":[{"name":"wp","href":"https:\/\/api.w.org\/{rel}","templated":true}]}}