{"id":268807,"date":"2026-02-13T22:33:09","date_gmt":"2026-02-13T22:33:09","guid":{"rendered":"https:\/\/www.europesays.com\/pt\/268807\/"},"modified":"2026-02-13T22:33:09","modified_gmt":"2026-02-13T22:33:09","slug":"enfermeiro-demite-se-do-cargo-de-coordenador-da-estrutura-de-energias-renovaveis-cmjornal-pt","status":"publish","type":"post","link":"https:\/\/www.europesays.com\/pt\/268807\/","title":{"rendered":"Enfermeiro demite-se do cargo de coordenador da estrutura de energias renov\u00e1veis &#8211; cmjornal.pt"},"content":{"rendered":"<ol>\n<li><a href=\"https:\/\/news.google.com\/rss\/articles\/CBMivgFBVV95cUxQWHRWZ0ZSeEpkb0NwU1VQNmRGOWEtU3A2ZFZ4RWhQQ1V6Y01ZVW13Q0JrcDZsazRvQWhaeG5CWHlkaWlGcWFqWmxsN21aQ2xIY0dDdVZUa0RneDdOTGlSV1c0R0lpR1hJaVZCbEd3Vk5rTDMyMXIwSFh0aGh3eHF4Rk01c2UzVlRTeFlhQlMwM2hhNEdySkFRNWsyclExNktqTmlfQ2FuVlhGTlJLWlFJNjM4V3d3N1BXWGdFektR0gG4AUFVX3lxTE1FWldMT2NhOEUzNzVzRUNXZ3Z6SU4zOTdXR0JONDNEX3hlNVM4eUt5cldDcUNsSDhsdnhRYTFMZWZVTzZIVGZ4Qm9CSmJJckpNNDlIRTFZa3dZSVRBeGtMb19mOTh0SE9zeXFmRjJHcjhyQ3ZIZ3lCRDFxV2FXQVJPWXRCdW0tR2xvdnA4SEFUMS1zeHl1Q1ZtUGp2ellCVVVtclQzTUNKdXFYTXlwNlhST0twWkw1aXg?oc=5\" target=\"_blank\" rel=\"nofollow noopener\">Enfermeiro demite-se do cargo de coordenador da estrutura de energias renov\u00e1veis<\/a>&nbsp;&nbsp;cmjornal.pt<\/li>\n<li><a href=\"https:\/\/news.google.com\/rss\/articles\/CBMiuwFBVV95cUxPQmNBQkFjdVBfaGpBNUx2SXZjWDF0UFZ1N09yZnQxaldmQU1EenVZSmdqS3ROc0t0bUhGWTBCVndwNklOQXVNLUNxTkxDYlU1WE9ZaUNJYmJkSXBpTkpGMzFtQWpoTzE5LXdhd3ZTR0lvWWQ0dDJPQjc4M0VGajFzRFp6dVpWTmJxTjJETms4WmgwbV9lZFFFcjlpQ3RpOV9QNE96M0J5X3JBZ3Bjckk5YXl3V01HTU1MR0FB?oc=5\" target=\"_blank\" rel=\"nofollow noopener\">Ministra do Ambiente n\u00e3o foi informada de nomea\u00e7\u00e3o de enfermeiro para a estrutura de renov\u00e1veis<\/a>&nbsp;&nbsp;Di\u00e1rio de Not\u00edcias<\/li>\n<li><a href=\"https:\/\/news.google.com\/rss\/articles\/CBMixgFBVV95cUxOa3pCVDdMZGsxY29FbndIM09QSFp2T0NCODRkVV9MTnpNOUFLNkRQODdnMVNrMURvTkNGNHNOQUY0SDNGbkhPUVQ5eE55MzFxQjd3aThWOGpRdFF4OTVpb20xcWJJWUh6cV9mMWs4YmNuOURuOVZaaDFWUmxsUE1UR3NHOUJ4TWNPNS1hTWpSOGtFQktHZ2R4MVNGSzllS2l0dmNYNXFaQ3RGbWl4R2NKakFGQ3VLSVdPb1E4RzFLLUx3Z2V1Wnc?oc=5\" target=\"_blank\" rel=\"nofollow noopener\">Deputado do PSD Bruno Vitorino critica nomea\u00e7\u00e3o para renov\u00e1veis e pede lideran\u00e7a &#8220;pelo exemplo&#8221;<\/a>&nbsp;&nbsp;Observador<\/li>\n<li><a href=\"https:\/\/news.google.com\/rss\/articles\/CBMiuAFBVV95cUxQLWxCT29mRGhKUVFfNWZ1bldnRmJrbk9zQXljUGdfZm9scG5kSlUwTV91Xy1COFNwaXpTNWdQZXYyX2xJWlo3LXdydXlrWWRHZlM2MVdMbEJlY005cS1rQkJ2UHNrb3NPNlpRSGJDUkdXbnNRcUtUbkpiV3FORjV0Umd1Z1NIQzZuNmZWdmFDbElwWXRzLXJuRF82TzdtR3dQTTNPUEo5d1ljaG9RYklsOVZWdDNrR0xY?oc=5\" target=\"_blank\" rel=\"nofollow noopener\">IL quer ouvir ministros (e nomeados). &#8220;Perceber crit\u00e9rios para escolhas&#8221;<\/a>&nbsp;&nbsp;Not\u00edcias ao Minuto<\/li>\n<li><a href=\"https:\/\/news.google.com\/rss\/articles\/CBMi1gFBVV95cUxOaU01TVNXdzNqMUlhZzdUM0ZHY1lYWTI2T0N4UnZIS2ZUSU5wNG1FVFRjenVhRnhscUpnUXctUndUUWw5SjZwZHEwUW02dWZMNVI4NExfcFlPbFRPSUxtNmlQSnJoUEVka25JcGpyYzR5eGVucWZZMk9SMUNVZkN0ZElnNFpqcm1OM0FKVkpzbjhqVHBoOHdNdlVpS2dzMlgzTm92U0xoVldpcHBSTWRXc1VsdWtreVVXeEZEQmUyQy1GTEhKTUpXMkFEN1QzTkphUW41LWNn?oc=5\" target=\"_blank\" rel=\"nofollow noopener\">Ordem dos Engenheiros critica nomea\u00e7\u00e3o de enfermeiro para coordenar estrutura de energias renov\u00e1veis<\/a>&nbsp;&nbsp;Portal Ambiente Online<\/li>\n<\/ol>\n","protected":false},"excerpt":{"rendered":"Enfermeiro demite-se do cargo de coordenador da estrutura de energias renov\u00e1veis&nbsp;&nbsp;cmjornal.pt Ministra do Ambiente n\u00e3o foi informada de&hellip;\n","protected":false},"author":2,"featured_media":267507,"comment_status":"","ping_status":"","sticky":false,"template":"","format":"standard","meta":{"footnotes":"","_share_on_mastodon":"0"},"categories":[10],"tags":[27,28,49403,5912,49572,15,16,14,25,26,21,22,12,13,19,20,3734,32,23,24,40740,33,17,18,29,30,31],"class_list":["post-268807","post","type-post","status-publish","format-standard","has-post-thumbnail","category-portugal","tag-breaking-news","tag-breakingnews","tag-enfermeiras","tag-exercicio","tag-fabio-alves","tag-featured-news","tag-featurednews","tag-headlines","tag-latest-news","tag-latestnews","tag-main-news","tag-mainnews","tag-news","tag-noticias","tag-noticias-principais","tag-noticiasprincipais","tag-pedido","tag-portugal","tag-principais-noticias","tag-principaisnoticias","tag-profissionais-de-saude","tag-pt","tag-top-stories","tag-topstories","tag-ultimas","tag-ultimas-noticias","tag-ultimasnoticias"],"share_on_mastodon":{"url":"https:\/\/pubeurope.com\/@pt\/116065704867885178","error":""},"_links":{"self":[{"href":"https:\/\/www.europesays.com\/pt\/wp-json\/wp\/v2\/posts\/268807","targetHints":{"allow":["GET"]}}],"collection":[{"href":"https:\/\/www.europesays.com\/pt\/wp-json\/wp\/v2\/posts"}],"about":[{"href":"https:\/\/www.europesays.com\/pt\/wp-json\/wp\/v2\/types\/post"}],"author":[{"embeddable":true,"href":"https:\/\/www.europesays.com\/pt\/wp-json\/wp\/v2\/users\/2"}],"replies":[{"embeddable":true,"href":"https:\/\/www.europesays.com\/pt\/wp-json\/wp\/v2\/comments?post=268807"}],"version-history":[{"count":0,"href":"https:\/\/www.europesays.com\/pt\/wp-json\/wp\/v2\/posts\/268807\/revisions"}],"wp:featuredmedia":[{"embeddable":true,"href":"https:\/\/www.europesays.com\/pt\/wp-json\/wp\/v2\/media\/267507"}],"wp:attachment":[{"href":"https:\/\/www.europesays.com\/pt\/wp-json\/wp\/v2\/media?parent=268807"}],"wp:term":[{"taxonomy":"category","embeddable":true,"href":"https:\/\/www.europesays.com\/pt\/wp-json\/wp\/v2\/categories?post=268807"},{"taxonomy":"post_tag","embeddable":true,"href":"https:\/\/www.europesays.com\/pt\/wp-json\/wp\/v2\/tags?post=268807"}],"curies":[{"name":"wp","href":"https:\/\/api.w.org\/{rel}","templated":true}]}}