{"id":26887,"date":"2025-08-12T23:18:09","date_gmt":"2025-08-12T23:18:09","guid":{"rendered":"https:\/\/www.europesays.com\/pt\/26887\/"},"modified":"2025-08-12T23:18:09","modified_gmt":"2025-08-12T23:18:09","slug":"miguel-encosta-joel-a-parede-nao-gosto-do-teu-tom-novelas","status":"publish","type":"post","link":"https:\/\/www.europesays.com\/pt\/26887\/","title":{"rendered":"Miguel encosta Joel \u00e0 parede: \u00abN\u00e3o gosto do teu tom\u00bb &#8211; Novelas"},"content":{"rendered":"<p>\t\t\t\t<a target=\"_blank\" href=\"https:\/\/shortaudition.net\/Secret-Story-9\" rel=\"nofollow noopener\"><\/p>\n<p>O Secret Story est\u00e1 de volta!<\/p>\n<p>Inscreva-se aqui<\/p>\n<p>\t\t          <\/a><\/p>\n<p>Em \u00abA Fazenda\u00bb, Joel (Jo\u00e3o Jesus) diz alterado a Miguel (Diogo Infante) que tem de convencer Eva (Margarida Corceiro) a ir para Lisboa. Miguel avisa-o que ele n\u00e3o \u00e9 ningu\u00e9m para dizer o que ele ou Eva t\u00eam de fazer. Joel sai atrapalhado.<\/p>\n","protected":false},"excerpt":{"rendered":"O Secret Story est\u00e1 de volta! Inscreva-se aqui Em \u00abA Fazenda\u00bb, Joel (Jo\u00e3o Jesus) diz alterado a Miguel&hellip;\n","protected":false},"author":2,"featured_media":26888,"comment_status":"","ping_status":"","sticky":false,"template":"","format":"standard","meta":{"footnotes":""},"categories":[142],"tags":[657,160,166,114,115,157,167,164,2931,161,158,165,159,32,33,156,163,151,162],"class_list":{"0":"post-26887","1":"post","2":"type-post","3":"status-publish","4":"format-standard","5":"has-post-thumbnail","7":"category-tv","8":"tag-a-fazenda","9":"tag-ana-guiomar","10":"tag-cristina-ferreira","11":"tag-entertainment","12":"tag-entretenimento","13":"tag-festa-e-festa","14":"tag-ficcao","15":"tag-jose-fidalgo","16":"tag-novela","17":"tag-novelas","18":"tag-para-sempre","19":"tag-pedro-sousa","20":"tag-pedro-teixeira","21":"tag-portugal","22":"tag-pt","23":"tag-queridos-papas","24":"tag-tiago-teotonio-pereira","25":"tag-tv","26":"tag-tvi"},"share_on_mastodon":{"url":"","error":""},"_links":{"self":[{"href":"https:\/\/www.europesays.com\/pt\/wp-json\/wp\/v2\/posts\/26887","targetHints":{"allow":["GET"]}}],"collection":[{"href":"https:\/\/www.europesays.com\/pt\/wp-json\/wp\/v2\/posts"}],"about":[{"href":"https:\/\/www.europesays.com\/pt\/wp-json\/wp\/v2\/types\/post"}],"author":[{"embeddable":true,"href":"https:\/\/www.europesays.com\/pt\/wp-json\/wp\/v2\/users\/2"}],"replies":[{"embeddable":true,"href":"https:\/\/www.europesays.com\/pt\/wp-json\/wp\/v2\/comments?post=26887"}],"version-history":[{"count":0,"href":"https:\/\/www.europesays.com\/pt\/wp-json\/wp\/v2\/posts\/26887\/revisions"}],"wp:featuredmedia":[{"embeddable":true,"href":"https:\/\/www.europesays.com\/pt\/wp-json\/wp\/v2\/media\/26888"}],"wp:attachment":[{"href":"https:\/\/www.europesays.com\/pt\/wp-json\/wp\/v2\/media?parent=26887"}],"wp:term":[{"taxonomy":"category","embeddable":true,"href":"https:\/\/www.europesays.com\/pt\/wp-json\/wp\/v2\/categories?post=26887"},{"taxonomy":"post_tag","embeddable":true,"href":"https:\/\/www.europesays.com\/pt\/wp-json\/wp\/v2\/tags?post=26887"}],"curies":[{"name":"wp","href":"https:\/\/api.w.org\/{rel}","templated":true}]}}