{"id":26891,"date":"2025-08-12T23:21:17","date_gmt":"2025-08-12T23:21:17","guid":{"rendered":"https:\/\/www.europesays.com\/pt\/26891\/"},"modified":"2025-08-12T23:21:17","modified_gmt":"2025-08-12T23:21:17","slug":"liga-tondela-recebe-famalicao-em-rio-maior-a-200-km-de-casa","status":"publish","type":"post","link":"https:\/\/www.europesays.com\/pt\/26891\/","title":{"rendered":"Liga: Tondela recebe Famalic\u00e3o em Rio Maior, a 200 km de casa"},"content":{"rendered":"<p>O Tondela vai receber o Famalic\u00e3o no Est\u00e1dio Municipal de Rio Maior, em jogo da segunda jornada da Liga de futebol, agendado para s\u00e1bado, naquele que ser\u00e1 o primeiro do clube beir\u00e3o como anfitri\u00e3o.<\/p>\n<p>Segundo avan\u00e7a a Ag\u00eancia Lusa, a altera\u00e7\u00e3o do local da partida deve-se \u00e0 falta de condi\u00e7\u00f5es do relvado do Est\u00e1dio Jo\u00e3o Cardoso, em Tondela, que impossibilita que a equipa jogue no seu recinto o primeiro jogo em casa neste regresso \u00e0 Liga.<\/p>\n<p>A partida em Rio Maior, casa &#8216;emprestada&#8217; do Casa Pia, joga-se no s\u00e1bado, a partir das 15h30. O local fica a praticamente 200 quil\u00f3metros de Tondela, a duas horas de caminho.<\/p>\n<p>O Tondela estreou-se com uma derrota na Liga, na visita ao Sporting de Braga (3-0), enquanto o Famalic\u00e3o bateu em casa o Santa Clara pelo mesmo resultado.<\/p>\n","protected":false},"excerpt":{"rendered":"O Tondela vai receber o Famalic\u00e3o no Est\u00e1dio Municipal de Rio Maior, em jogo da segunda jornada da&hellip;\n","protected":false},"author":2,"featured_media":26892,"comment_status":"","ping_status":"","sticky":false,"template":"","format":"standard","meta":{"footnotes":""},"categories":[87],"tags":[135,5879,36,46,32,33,47,9240,134,8136],"class_list":{"0":"post-26891","1":"post","2":"type-post","3":"status-publish","4":"format-standard","5":"has-post-thumbnail","7":"category-desporto","8":"tag-desporto","9":"tag-famalicao","10":"tag-liga","11":"tag-maisfutebol","12":"tag-portugal","13":"tag-pt","14":"tag-pura-paixao","15":"tag-rio-maior","16":"tag-sports","17":"tag-tondela"},"share_on_mastodon":{"url":"","error":""},"_links":{"self":[{"href":"https:\/\/www.europesays.com\/pt\/wp-json\/wp\/v2\/posts\/26891","targetHints":{"allow":["GET"]}}],"collection":[{"href":"https:\/\/www.europesays.com\/pt\/wp-json\/wp\/v2\/posts"}],"about":[{"href":"https:\/\/www.europesays.com\/pt\/wp-json\/wp\/v2\/types\/post"}],"author":[{"embeddable":true,"href":"https:\/\/www.europesays.com\/pt\/wp-json\/wp\/v2\/users\/2"}],"replies":[{"embeddable":true,"href":"https:\/\/www.europesays.com\/pt\/wp-json\/wp\/v2\/comments?post=26891"}],"version-history":[{"count":0,"href":"https:\/\/www.europesays.com\/pt\/wp-json\/wp\/v2\/posts\/26891\/revisions"}],"wp:featuredmedia":[{"embeddable":true,"href":"https:\/\/www.europesays.com\/pt\/wp-json\/wp\/v2\/media\/26892"}],"wp:attachment":[{"href":"https:\/\/www.europesays.com\/pt\/wp-json\/wp\/v2\/media?parent=26891"}],"wp:term":[{"taxonomy":"category","embeddable":true,"href":"https:\/\/www.europesays.com\/pt\/wp-json\/wp\/v2\/categories?post=26891"},{"taxonomy":"post_tag","embeddable":true,"href":"https:\/\/www.europesays.com\/pt\/wp-json\/wp\/v2\/tags?post=26891"}],"curies":[{"name":"wp","href":"https:\/\/api.w.org\/{rel}","templated":true}]}}