{"id":268950,"date":"2026-02-14T01:00:09","date_gmt":"2026-02-14T01:00:09","guid":{"rendered":"https:\/\/www.europesays.com\/pt\/268950\/"},"modified":"2026-02-14T01:00:09","modified_gmt":"2026-02-14T01:00:09","slug":"a-licao-do-rodrigo-o-menino-heroi","status":"publish","type":"post","link":"https:\/\/www.europesays.com\/pt\/268950\/","title":{"rendered":"A li\u00e7\u00e3o do Rodrigo, o menino her\u00f3i"},"content":{"rendered":"<p data-remotead-prev-elm=\"true\" data-remotead-elm-id=\"inread\">O Rodrigo \u00e9 um menino de nove anos. Nove! \u00c9 um dos protagonistas de uma hist\u00f3ria que nos obriga a parar. Uma hist\u00f3ria com final feliz e a prova de que a educa\u00e7\u00e3o, em casa, na escola e na comunidade, n\u00e3o serve apenas para formar profissionais. \u00c9 decisiva tamb\u00e9m para dotar os cidad\u00e3os de qualquer idade de ferramentas de sobreviv\u00eancia. N\u00e3o se trata de lugares-comuns. O Rodrigo deu-nos uma li\u00e7\u00e3o.<\/p>\n<p data-remotead-prev-elm=\"true\" data-remotead-elm-id=\"inread2\">O aluno do 4.\u00b0 ano da Escola E.B. Jo\u00e3o Roiz, em Castelo Branco, vive em Malpica do Tejo, a 18 quil\u00f3metros de Castelo Branco, e viajava de carro com a m\u00e3e, acompanhado pelos dois irm\u00e3os g\u00e9meos, de seis anos, quando a progenitora se sentiu mal e desmaiou ao volante. Com um telefonema para o 112 salvou a vida da m\u00e3e. A chamada n\u00e3o foi apenas uma demonstra\u00e7\u00e3o de coragem. Foi, sobretudo, um ato de maturidade extraordin\u00e1ria. O menino reconheceu a emerg\u00eancia, percebeu a import\u00e2ncia de pedir ajuda, sabia o n\u00famero certo para onde deveria ligar, respondeu com exatid\u00e3o \u00e0s perguntas e ainda manteve a calma para n\u00e3o assustar os dois irm\u00e3os.<\/p>\n<p>Mas h\u00e1 outra pessoa incr\u00edvel nesta hist\u00f3ria que aconteceu a 5 de dezembro de 2025 e que foi divulgada na ter\u00e7a-feira passada, no \u00e2mbito do Dia Europeu do 112. A intera\u00e7\u00e3o do operador do INEM com a crian\u00e7a revela um profissionalismo excecional. E num tempo em que se acumulam relatos de insufici\u00eancias no socorro, o caso &#8220;ilustra de forma clara o papel fundamental do 112 como porta de entrada no sistema de emerg\u00eancia&#8221;, como refere a pr\u00f3pria institui\u00e7\u00e3o. Jo\u00e3o Dias, natural de Viana do Castelo, soube fazer as perguntas certas, no tom certo, ao ritmo certo, num momento cr\u00edtico de extrema tens\u00e3o.<\/p>\n<p>Parab\u00e9ns ao Jo\u00e3o e ao INEM. Parab\u00e9ns ao Rodrigo. Parab\u00e9ns aos pais dos tr\u00eas meninos. Parab\u00e9ns \u00e0 escola e aos seus profissionais. Todos provaram que o principal objetivo da educa\u00e7\u00e3o \u00e9 preparar as pessoas para a vida.<\/p>\n<p>Ou\u00e7a a chamada para o 112 <a href=\"https:\/\/www.instagram.com\/reel\/DUlsVSCj6zI\/?utm_source=ig_web_copy_link&amp;igsh=NTc4MTIwNjQ2YQ%3D%3D\" target=\"_blank\" rel=\"nofollow noopener\">AQUI<\/a><\/p>\n<p><script async src=\"\/\/www.instagram.com\/embed.js\"><\/script><\/p>\n","protected":false},"excerpt":{"rendered":"O Rodrigo \u00e9 um menino de nove anos. Nove! \u00c9 um dos protagonistas de uma hist\u00f3ria que nos&hellip;\n","protected":false},"author":2,"featured_media":268951,"comment_status":"","ping_status":"","sticky":false,"template":"","format":"standard","meta":{"footnotes":"","_share_on_mastodon":"0"},"categories":[10],"tags":[39836,27,28,15,16,14,7923,25,26,21,22,12,13,19,20,835,32,23,24,33,17,18,29,30,31],"class_list":["post-268950","post","type-post","status-publish","format-standard","has-post-thumbnail","category-portugal","tag-39836","tag-breaking-news","tag-breakingnews","tag-featured-news","tag-featurednews","tag-headlines","tag-inem","tag-latest-news","tag-latestnews","tag-main-news","tag-mainnews","tag-news","tag-noticias","tag-noticias-principais","tag-noticiasprincipais","tag-opiniao","tag-portugal","tag-principais-noticias","tag-principaisnoticias","tag-pt","tag-top-stories","tag-topstories","tag-ultimas","tag-ultimas-noticias","tag-ultimasnoticias"],"share_on_mastodon":{"url":"https:\/\/pubeurope.com\/@pt\/116066282519311441","error":""},"_links":{"self":[{"href":"https:\/\/www.europesays.com\/pt\/wp-json\/wp\/v2\/posts\/268950","targetHints":{"allow":["GET"]}}],"collection":[{"href":"https:\/\/www.europesays.com\/pt\/wp-json\/wp\/v2\/posts"}],"about":[{"href":"https:\/\/www.europesays.com\/pt\/wp-json\/wp\/v2\/types\/post"}],"author":[{"embeddable":true,"href":"https:\/\/www.europesays.com\/pt\/wp-json\/wp\/v2\/users\/2"}],"replies":[{"embeddable":true,"href":"https:\/\/www.europesays.com\/pt\/wp-json\/wp\/v2\/comments?post=268950"}],"version-history":[{"count":0,"href":"https:\/\/www.europesays.com\/pt\/wp-json\/wp\/v2\/posts\/268950\/revisions"}],"wp:featuredmedia":[{"embeddable":true,"href":"https:\/\/www.europesays.com\/pt\/wp-json\/wp\/v2\/media\/268951"}],"wp:attachment":[{"href":"https:\/\/www.europesays.com\/pt\/wp-json\/wp\/v2\/media?parent=268950"}],"wp:term":[{"taxonomy":"category","embeddable":true,"href":"https:\/\/www.europesays.com\/pt\/wp-json\/wp\/v2\/categories?post=268950"},{"taxonomy":"post_tag","embeddable":true,"href":"https:\/\/www.europesays.com\/pt\/wp-json\/wp\/v2\/tags?post=268950"}],"curies":[{"name":"wp","href":"https:\/\/api.w.org\/{rel}","templated":true}]}}