{"id":268987,"date":"2026-02-14T01:30:11","date_gmt":"2026-02-14T01:30:11","guid":{"rendered":"https:\/\/www.europesays.com\/pt\/268987\/"},"modified":"2026-02-14T01:30:11","modified_gmt":"2026-02-14T01:30:11","slug":"apos-entrevista-marcia-soares-e-francisco-monteiro-saem-juntos-da-tvi-descubra-para-onde-foram","status":"publish","type":"post","link":"https:\/\/www.europesays.com\/pt\/268987\/","title":{"rendered":"Ap\u00f3s entrevista, Marcia Soares e Francisco Monteiro saem juntos da TVI: descubra para onde foram!"},"content":{"rendered":"<p>A entrevista que Marcia Soares e Francisco Monteiro concederam a Cristina Ferreira e Cl\u00e1udio Ramos, esta sexta-feira, dia 13, captou a aten\u00e7\u00e3o dos f\u00e3s. Terminada a participa\u00e7\u00e3o no programa &#8220;<a href=\"https:\/\/tvi.iol.pt\/doisas10\/\" target=\"_blank\" rel=\"nofollow noopener\">Dois \u00e0s 10<\/a>&#8220;, os comentadores de reality shows\u00a0deixaram os est\u00fadios da <a href=\"https:\/\/tvi.iol.pt\/\" target=\"_blank\" rel=\"nofollow noopener\">TVI<\/a> juntos.<\/p>\n<p>No Instagram, Marcia Soares dividiu com os seguidores um v\u00eddeo em que surge no interior do carro de Francisco Monteiro, enquanto ambos trauteiam a can\u00e7\u00e3o &#8220;T\u00e1 Bonito&#8221;, de \u00c1gata. Zaza, como o nortenho \u00e9 mais conhecido, repartilhou a mesma filmagem e legendou: &#8220;No meu carro, hoje em dia, \u00e9 sempre assim e h\u00e1 m\u00fasicas para todos os gostos.&#8221;<\/p>\n<p>Mais tarde, o vencedor do &#8220;<a href=\"https:\/\/tvi.iol.pt\/bigbrother\" rel=\"nofollow noopener\" target=\"_blank\">Big Brother<\/a> 2023&#8243; fotografou a amiga durante o almo\u00e7o de que ambos desfrutaram no Solar dos Presuntos, em Lisboa. Marcia Soares, que surgia a comer na imagem, brincou: &#8220;Por favor, n\u00e3o me incomodem&#8221;.<\/p>\n<p>Veja, agora, os v\u00eddeos da entrevista concedida por <a href=\"https:\/\/selfie.iol.pt\/famosos\/marcia-soares\/nem-vai-acreditar-francisco-monteiro-revela-conselho-amoroso-que-deu-a-marcia-soares\/20260213\/698f6760d34e28842c809a44\" target=\"_blank\" rel=\"nofollow noopener\">Marcia Soares<\/a> e <a href=\"https:\/\/selfie.iol.pt\/famosos\/marcia-soares\/o-que-ninguem-sabia-francisco-monteiro-fez-viagem-do-porto-a-lisboa-ao-telemovel-com-marcia-soares\/20260213\/698f816dd34e28842c809b51\" target=\"_blank\" rel=\"nofollow noopener\">Francisco Monteiro<\/a>.<\/p>\n<p style=\"text-align:center\"><img loading=\"lazy\" decoding=\"async\" alt=\"\" height=\"892\" src=\"https:\/\/www.europesays.com\/pt\/wp-content\/uploads\/2026\/02\/698f82f8d34e28842c809b5f.webp\" width=\"500\"\/><\/p>\n<p style=\"text-align:center\"><img loading=\"lazy\" decoding=\"async\" alt=\"\" height=\"889\" src=\"https:\/\/www.europesays.com\/pt\/wp-content\/uploads\/2026\/02\/698f82f8d34e6a48f446862b.webp\" width=\"500\"\/><\/p>\n<p>\u00a0<\/p>\n","protected":false},"excerpt":{"rendered":"A entrevista que Marcia Soares e Francisco Monteiro concederam a Cristina Ferreira e Cl\u00e1udio Ramos, esta sexta-feira, dia&hellip;\n","protected":false},"author":2,"featured_media":268988,"comment_status":"","ping_status":"","sticky":false,"template":"","format":"standard","meta":{"footnotes":"","_share_on_mastodon":"0"},"categories":[145],"tags":[6308,6981,48,6982,211,210,329,13933,6980,166,801,114,115,980,2071,2038,619,32,33,1014,1012,162,12181],"class_list":["post-268987","post","type-post","status-publish","format-standard","has-post-thumbnail","category-celebridades","tag-bb","tag-bb2023","tag-big-brother","tag-big-brother-2023","tag-celebridades","tag-celebrities","tag-claudio-ramos","tag-comentador","tag-comentadora","tag-cristina-ferreira","tag-dois-as-10","tag-entertainment","tag-entretenimento","tag-famosos","tag-francisco-monteiro","tag-marcia-soares","tag-nacional","tag-portugal","tag-pt","tag-reality-show","tag-selfie","tag-tvi","tag-zaza"],"share_on_mastodon":{"url":"https:\/\/pubeurope.com\/@pt\/116066400659704174","error":""},"_links":{"self":[{"href":"https:\/\/www.europesays.com\/pt\/wp-json\/wp\/v2\/posts\/268987","targetHints":{"allow":["GET"]}}],"collection":[{"href":"https:\/\/www.europesays.com\/pt\/wp-json\/wp\/v2\/posts"}],"about":[{"href":"https:\/\/www.europesays.com\/pt\/wp-json\/wp\/v2\/types\/post"}],"author":[{"embeddable":true,"href":"https:\/\/www.europesays.com\/pt\/wp-json\/wp\/v2\/users\/2"}],"replies":[{"embeddable":true,"href":"https:\/\/www.europesays.com\/pt\/wp-json\/wp\/v2\/comments?post=268987"}],"version-history":[{"count":0,"href":"https:\/\/www.europesays.com\/pt\/wp-json\/wp\/v2\/posts\/268987\/revisions"}],"wp:featuredmedia":[{"embeddable":true,"href":"https:\/\/www.europesays.com\/pt\/wp-json\/wp\/v2\/media\/268988"}],"wp:attachment":[{"href":"https:\/\/www.europesays.com\/pt\/wp-json\/wp\/v2\/media?parent=268987"}],"wp:term":[{"taxonomy":"category","embeddable":true,"href":"https:\/\/www.europesays.com\/pt\/wp-json\/wp\/v2\/categories?post=268987"},{"taxonomy":"post_tag","embeddable":true,"href":"https:\/\/www.europesays.com\/pt\/wp-json\/wp\/v2\/tags?post=268987"}],"curies":[{"name":"wp","href":"https:\/\/api.w.org\/{rel}","templated":true}]}}