{"id":26921,"date":"2025-08-12T23:48:10","date_gmt":"2025-08-12T23:48:10","guid":{"rendered":"https:\/\/www.europesays.com\/pt\/26921\/"},"modified":"2025-08-12T23:48:10","modified_gmt":"2025-08-12T23:48:10","slug":"007-bezos-quer-que-mulher-seja-a-proxima-bond-girl-observador","status":"publish","type":"post","link":"https:\/\/www.europesays.com\/pt\/26921\/","title":{"rendered":"007. Bezos quer que mulher seja a pr\u00f3xima &#8220;Bond Girl&#8221; \u2013 Observador"},"content":{"rendered":"<p>Jeff Bezos, dono da Amazon e da Blue Origin, estar\u00e1 a fazer press\u00e3o para que a mulher, Lauren S\u00e1nchez, entre no pr\u00f3ximo filme da saga 007. A informa\u00e7\u00e3o foi revelada pelo jornalista Rob Shuter no <a href=\"https:\/\/robshuter.substack.com\/p\/exclusive-delusional-norah-odonnell?open=false#%C2%A7exclusive-lauren-sanchez-to-be-the-next-bond-girl-jeff-bezos-wants-to-cast-his-queen\" rel=\"nofollow noopener\" target=\"_blank\">Substrack<\/a>, citando uma fonte de Hollywood.<\/p>\n<p>De acordo com o jornalista brit\u00e2nico, a fonte garante que n\u00e3o se trata de uma sugest\u00e3o e que <strong>Bezos est\u00e1 \u201cobcecado\u201d com esta ideia<\/strong>. \u201cO Jeff quer a Lauren no ecr\u00e3 e ponto final\u201d, disse a fonte, sublinhando que a inten\u00e7\u00e3o do empres\u00e1rio \u00e9 mesmo tornar S\u00e1nchez, de 55 anos,\u00a0na pr\u00f3xima \u201cBond Girl\u201d.<\/p>\n<p>Um executivo de est\u00fadio refor\u00e7ou, tamb\u00e9m, que milion\u00e1rio tem poder suficiente para impor esta escolha, recordando que o dono da Amazon pagou 8,5 mil milh\u00f5es de d\u00f3lares pela MGM Studios e investiu cerca de mais mil milh\u00f5es para garantir o controlo criativo da saga. \u201cEla n\u00e3o \u00e9 uma atriz, mas \u00e9 a musa do Jeff. E <strong>quando se gastam oito mil milh\u00f5es, consegue-se o que quer<\/strong>\u201c, comentou ainda a mesma fonte.<\/p>\n<p><strong>[<\/strong><b>Um homem desobedece \u00e0s ordens dos terroristas e da pol\u00edcia e entra sozinho na embaixada. Momentos depois, ouve-se uma enorme explos\u00e3o<\/b><strong>.\u00a0<a href=\"http:\/\/[Um%20homem%20desobedece%20%C3%A0s%20ordens%20dos%20terroristas%20e%20da%20pol%C3%ADcia%20e%20entra%20sozinho%20na%20embaixada.%20Momentos%20depois,%20ouve-se%20uma%20enorme%20explos%C3%A3o.%20%E2%80%9C1983:%20Portugal%20%C3%A0%20Queima-Roupa%E2%80%9D%20%C3%A9%20a%20hist%C3%B3ria%20do%20ano%20em%20que%20dois%20grupos%20terroristas%20internacionais%20atacaram%20em%20Portugal.%20Um%20comando%20paramilitar%20tomou%20de%20assalto%20a%20embaixada%20turca%20em%20Lisboa%20e%20uma%20execu%C3%A7%C3%A3o%20sum%C3%A1ria%20no%20Algarve%20abalou%20o%20M%C3%A9dio%20Oriente.%20%C3%89%20narrada%20pela%20atriz%20Victoria%20Guerra,%20com%20banda%20sonora%20original%20dos%20Linda%20Martini.%20Ou%C3%A7a%20o%20quarto%20epis%C3%B3dio%20no%20site%20do%20Observador,%20na%20Apple%20Podcasts,%20no%20Spotify%20e%20no%20Youtube%20Music.%20%E2%80%9C1983:%20Portugal%20%C3%A0%20Queima-Roupa%E2%80%9D%20%C3%A9%20a%20hist%C3%B3ria%20do%20ano%20em%20que%20dois%20grupos%20terroristas%20internacionais%20atacaram%20em%20Portugal.%20Um%20comando%20paramilitar%20tomou%20de%20assalto%20uma%20embaixada%20em%20Lisboa%20e%20esta%20execu%C3%A7%C3%A3o%20sum%C3%A1ria%20no%20Algarve%20abalou%20o%20M%C3%A9dio%20Oriente.%20%C3%89%20narrada%20pela%20atriz%20Victoria%20Guerra,%20com%20banda%20sonora%20original%20dos%20Linda%20Martini.%20Ou%C3%A7a%20o%20quarto%20epis%C3%B3dio%20no%20site%20do%20Observador,%20na%20Apple%20Podcasts,%20no%20Spotify%20e%20no%20Youtube%20Music.%20E%20ou%C3%A7a%20o%20primeiro%20epis%C3%B3dio%20aqui%20e%20o%20segundo%20aqui%20e%20o%20terceiro%20aqui]\/\" target=\"_blank\" rel=\"noopener nofollow\">\u201c1983: Portugal \u00e0 Queima-Roupa\u201d<\/a>\u00a0\u00e9 a hist\u00f3ria do ano em que dois grupos terroristas internacionais atacaram em Portugal. Um comando paramilitar tomou de assalto a embaixada turca em Lisboa e uma execu\u00e7\u00e3o sum\u00e1ria no Algarve abalou o M\u00e9dio Oriente. \u00c9 narrada pela atriz Victoria Guerra, com banda sonora original dos Linda Martini.<\/strong><strong>\u00a0Ou\u00e7a\u00a0<a href=\"https:\/\/observador.pt\/programas\/1983-portugal-queima-roupa\/episodio-4-o-primeiro-andar-explodiu\/\" rel=\"nofollow noopener\" target=\"_blank\">o quarto epis\u00f3dio<\/a>\u00a0no site do Observador, na\u00a0<a href=\"https:\/\/podcasts.apple.com\/pt\/podcast\/epis%C3%B3dio-4-o-primeiro-andar-explodiu-1983-portugal\/id1826483822?i=1000721563863\" target=\"_blank\" rel=\"noopener nofollow\">Apple Podcasts<\/a>, no\u00a0<a href=\"https:\/\/open.spotify.com\/episode\/3k9uyqlRfw9IHrU9Qd47Bb?si=e718bbff44554be8\" target=\"_blank\" rel=\"noopener nofollow\">Spotify<\/a>\u00a0e no\u00a0<a href=\"https:\/\/music.youtube.com\/watch?v=b2N33k9lO5c&amp;si=TabP09fg3fonDGiA\" target=\"_blank\" rel=\"noopener nofollow\">Youtube Music<\/a>.\u00a0<\/strong><strong>E ou\u00e7a o primeiro epis\u00f3dio\u00a0<a href=\"https:\/\/observador.pt\/programas\/1983-portugal-queima-roupa\/estreia-1983-portugal-a-queima-roupa-episodio-1-um-corpo-no-lobby-do-hotel\/\" target=\"_blank\" rel=\"noopener ugc nofollow\">aqui<\/a>, o segundo\u00a0<a href=\"https:\/\/observador.pt\/programas\/1983-portugal-queima-roupa\/episodio-2-o-terrorista-do-quarto-507\/\" target=\"_blank\" rel=\"noopener ugc nofollow\">aqui<\/a>\u00a0<\/strong><strong>e o terceiro\u00a0<a href=\"https:\/\/observador.pt\/programas\/1983-portugal-queima-roupa\/episodio-3-ataque-a-embaixada\/\" rel=\"nofollow noopener\" target=\"_blank\">aqui<\/a>]<\/strong><\/p>\n<p><a href=\"https:\/\/observador.pt\/programas\/1983-portugal-queima-roupa\/episodio-4-o-primeiro-andar-explodiu\/\" rel=\"nofollow noopener\" target=\"_blank\"><\/p>\n<p>        <img src=\"https:\/\/www.europesays.com\/pt\/wp-content\/uploads\/2025\/08\/1754624952_991_1983-capa-com-playjpg.jpeg\" alt=\"\" loading=\"lazy\" decoding=\"async\" class=\"alignnone\" onload=\"this.parentElement.classList.remove('spinner')\" onerror=\"this.parentElement.classList.remove('spinner')\" width=\"770\" height=\"433\"\/>    <\/p>\n<p><\/a><\/p>\n<p>Lauren S\u00e1nchez n\u00e3o tem carreira consolidada como atriz, embora tenha feito pequenas participa\u00e7\u00f5es no cinema, interpretando pap\u00e9is secund\u00e1rios em filmes como Fight Club,\u00a0Fantastic Four e White House Down. Conhecida como jornalista, apresentadora de televis\u00e3o, piloto e, mais recentemente, membro de miss\u00f5es espaciais privadas, S\u00e1nchez tem mantido uma grande presen\u00e7a nos meios de comunica\u00e7\u00e3o social desde que iniciou o relacionamento com o empres\u00e1rio, em 2019.<\/p>\n<p>A ideia de Bezos surge numa altura\u00a0em que est\u00e1 a ocorrer uma mudan\u00e7a significativa na gest\u00e3o da saga 007. Em fevereiro\u00a0de 2025, <a href=\"https:\/\/observador.pt\/2025\/02\/20\/amazon-adquire-controlo-criativo-de-james-bond\/\" rel=\"nofollow noopener\" target=\"_blank\">a Amazon chegou a acordo com Michael G. Wilson e Barbara Broccoli<\/a> \u2014\u00a0herdeiros dos direitos cinematogr\u00e1ficos do produtor original Albert R. Broccoli \u2014 para assumir o controlo criativo da s\u00e9rie de filmes. O acordo ter\u00e1 levantado preocupa\u00e7\u00f5es entre os seguidores da saga sobre a possibilidade de uma \u201c<strong>comercializa\u00e7\u00e3o<\/strong>\u201d excessiva da ic\u00f3nica personagem.<\/p>\n<blockquote class=\"wp-embedded-content\" data-secret=\"hxXK8Jnw4B\">\n<p><a href=\"https:\/\/observador.pt\/2025\/02\/20\/amazon-adquire-controlo-criativo-de-james-bond\/\" rel=\"nofollow noopener\" target=\"_blank\">Amazon adquire controlo criativo de James Bond<\/a><\/p>\n<\/blockquote>\n<p>O pr\u00f3ximo filme da franquia, <strong>popularmente j\u00e1 referido como Bond 26<\/strong>, dever\u00e1 chegar \u00e0s salas de cinema no final de 2026 ou in\u00edcio de 2027. O elenco principal ainda n\u00e3o foi anunciado oficialmente. No entanto, segundo as fontes citadas, a insist\u00eancia de Bezos em incluir Lauren S\u00e1nchez no projeto poder\u00e1 ser um dos pontos mais debatidos durante a pr\u00e9-produ\u00e7\u00e3o.<\/p>\n<p>O espi\u00e3o James Bond \u00e9 uma cria\u00e7\u00e3o liter\u00e1ria do escritor Ian Fleming e \u00e9 uma das figuras mais conhecidas do cinema \u2014 tendo sido interpretado, <strong>desde 1962<\/strong>, pelos atores Sean Connery, Daniel Craig, Roger Moore,\u00a0George Lazenby,\u00a0Timothy Dalton\u00a0e\u00a0Pierce Brosnan.<\/p>\n<p>Daniel Craig encerrou a sua s\u00e9rie de filmes como 007 com\u00a0Sem Tempo para Morrer, em 2021, estando por decidir quem lhe vai suceder.<\/p>\n","protected":false},"excerpt":{"rendered":"Jeff Bezos, dono da Amazon e da Blue Origin, estar\u00e1 a fazer press\u00e3o para que a mulher, Lauren&hellip;\n","protected":false},"author":2,"featured_media":26922,"comment_status":"","ping_status":"","sticky":false,"template":"","format":"standard","meta":{"footnotes":""},"categories":[140],"tags":[514,211,470,315,476,90,114,115,147,148,5966,186,146,32,33],"class_list":{"0":"post-26921","1":"post","2":"type-post","3":"status-publish","4":"format-standard","5":"has-post-thumbnail","7":"category-filmes","8":"tag-amazon","9":"tag-celebridades","10":"tag-cinema","11":"tag-cultura","12":"tag-economia","13":"tag-empresas","14":"tag-entertainment","15":"tag-entretenimento","16":"tag-film","17":"tag-filmes","18":"tag-james-bond","19":"tag-lifestyle","20":"tag-movies","21":"tag-portugal","22":"tag-pt"},"share_on_mastodon":{"url":"","error":""},"_links":{"self":[{"href":"https:\/\/www.europesays.com\/pt\/wp-json\/wp\/v2\/posts\/26921","targetHints":{"allow":["GET"]}}],"collection":[{"href":"https:\/\/www.europesays.com\/pt\/wp-json\/wp\/v2\/posts"}],"about":[{"href":"https:\/\/www.europesays.com\/pt\/wp-json\/wp\/v2\/types\/post"}],"author":[{"embeddable":true,"href":"https:\/\/www.europesays.com\/pt\/wp-json\/wp\/v2\/users\/2"}],"replies":[{"embeddable":true,"href":"https:\/\/www.europesays.com\/pt\/wp-json\/wp\/v2\/comments?post=26921"}],"version-history":[{"count":0,"href":"https:\/\/www.europesays.com\/pt\/wp-json\/wp\/v2\/posts\/26921\/revisions"}],"wp:featuredmedia":[{"embeddable":true,"href":"https:\/\/www.europesays.com\/pt\/wp-json\/wp\/v2\/media\/26922"}],"wp:attachment":[{"href":"https:\/\/www.europesays.com\/pt\/wp-json\/wp\/v2\/media?parent=26921"}],"wp:term":[{"taxonomy":"category","embeddable":true,"href":"https:\/\/www.europesays.com\/pt\/wp-json\/wp\/v2\/categories?post=26921"},{"taxonomy":"post_tag","embeddable":true,"href":"https:\/\/www.europesays.com\/pt\/wp-json\/wp\/v2\/tags?post=26921"}],"curies":[{"name":"wp","href":"https:\/\/api.w.org\/{rel}","templated":true}]}}