{"id":269344,"date":"2026-02-14T09:53:27","date_gmt":"2026-02-14T09:53:27","guid":{"rendered":"https:\/\/www.europesays.com\/pt\/269344\/"},"modified":"2026-02-14T09:53:27","modified_gmt":"2026-02-14T09:53:27","slug":"preco-do-cabaz-alimentar-atinge-valor-mais-alto-dos-ultimos-quatro-anos-2","status":"publish","type":"post","link":"https:\/\/www.europesays.com\/pt\/269344\/","title":{"rendered":"Pre\u00e7o do cabaz alimentar atinge valor mais alto dos \u00faltimos quatro anos"},"content":{"rendered":"<p>                As contas s\u00e3o da DECO PROteste  que, semanalmente, analisa um conjunto composto por 63 produtos alimentares essenciais. <\/p>\n<p><b>Esta semana, o cabaz atingiu o valor mais elevado dos \u00faltimos quatro anos, custa agora 253,43 euros, o que traduz um aumento de cerca de 35% em rela\u00e7\u00e3o a 2022.<\/b><\/p>\n<p><b>Desde o in\u00edcio do ano, os produtos cujo pre\u00e7o mais aumentou foram a curgete (96 por cento), o peixe-espada preto (23 por cento) e a dourada (21 por cento). <\/b><\/p>\n<p>Em rela\u00e7\u00e3o a 2022, altura que a DECO PROteste iniciou esta an\u00e1lise, os maiores aumentos percentuais foram a carne de novilho para cozer (119 por cento), os ovos (86 por cento) e o caf\u00e9 torrado mo\u00eddo (76 por cento). <\/p>\n<p>No conjunto, <b>o mesmo cabaz com os mesmos produtos, h\u00e1 quatro anos, custava menos 65,73 euros. E se fosse h\u00e1 um ano, menos 12,04 euros. <br \/>&#13;<br \/>\n<\/b>&#13;<br \/>\n<br \/>&#13;<br \/>\nO cabaz analisado inclui carne, peixe, frutas, legumes, lactic\u00ednios, congelados e mercearia.&#13;\n            <\/p>\n","protected":false},"excerpt":{"rendered":"As contas s\u00e3o da DECO PROteste que, semanalmente, analisa um conjunto composto por 63 produtos alimentares essenciais. Esta&hellip;\n","protected":false},"author":2,"featured_media":269205,"comment_status":"","ping_status":"","sticky":false,"template":"","format":"standard","meta":{"footnotes":"","_share_on_mastodon":"0"},"categories":[83],"tags":[88,49620,27755,5798,89,90,32,49621,33],"class_list":["post-269344","post","type-post","status-publish","format-standard","has-post-thumbnail","category-empresas","tag-business","tag-cabaz-alimentar","tag-custo-de-vida","tag-deco","tag-economy","tag-empresas","tag-portugal","tag-preco-dos-alimentos","tag-pt"],"share_on_mastodon":{"url":"https:\/\/pubeurope.com\/@pt\/116068378401168272","error":""},"_links":{"self":[{"href":"https:\/\/www.europesays.com\/pt\/wp-json\/wp\/v2\/posts\/269344","targetHints":{"allow":["GET"]}}],"collection":[{"href":"https:\/\/www.europesays.com\/pt\/wp-json\/wp\/v2\/posts"}],"about":[{"href":"https:\/\/www.europesays.com\/pt\/wp-json\/wp\/v2\/types\/post"}],"author":[{"embeddable":true,"href":"https:\/\/www.europesays.com\/pt\/wp-json\/wp\/v2\/users\/2"}],"replies":[{"embeddable":true,"href":"https:\/\/www.europesays.com\/pt\/wp-json\/wp\/v2\/comments?post=269344"}],"version-history":[{"count":0,"href":"https:\/\/www.europesays.com\/pt\/wp-json\/wp\/v2\/posts\/269344\/revisions"}],"wp:featuredmedia":[{"embeddable":true,"href":"https:\/\/www.europesays.com\/pt\/wp-json\/wp\/v2\/media\/269205"}],"wp:attachment":[{"href":"https:\/\/www.europesays.com\/pt\/wp-json\/wp\/v2\/media?parent=269344"}],"wp:term":[{"taxonomy":"category","embeddable":true,"href":"https:\/\/www.europesays.com\/pt\/wp-json\/wp\/v2\/categories?post=269344"},{"taxonomy":"post_tag","embeddable":true,"href":"https:\/\/www.europesays.com\/pt\/wp-json\/wp\/v2\/tags?post=269344"}],"curies":[{"name":"wp","href":"https:\/\/api.w.org\/{rel}","templated":true}]}}