{"id":26986,"date":"2025-08-13T00:47:07","date_gmt":"2025-08-13T00:47:07","guid":{"rendered":"https:\/\/www.europesays.com\/pt\/26986\/"},"modified":"2025-08-13T00:47:07","modified_gmt":"2025-08-13T00:47:07","slug":"becas-sabe-o-que-gustavo-anda-a-fazer-vi-a-mafalda-a-sair-do-teu-quarto-novelas","status":"publish","type":"post","link":"https:\/\/www.europesays.com\/pt\/26986\/","title":{"rendered":"Becas sabe o que Gustavo anda a fazer: \u00abVi a Mafalda a sair do teu quarto\u00bb &#8211; Novelas"},"content":{"rendered":"<p>\t\t\t\t<a target=\"_blank\" href=\"https:\/\/shortaudition.net\/Secret-Story-9\" rel=\"nofollow noopener\"><\/p>\n<p>O Secret Story est\u00e1 de volta!<\/p>\n<p>Inscreva-se aqui<\/p>\n<p>\t\t          <\/a><\/p>\n<p>Em \u00abA\u00a0Fazenda\u00bb, Becas (Rita Loureiro) diz a Gustavo (Nuno Gaspar) que sabe que ele e Mafalda (In\u00eas Aguiar) se envolveram, perguntando-lhe se est\u00e1 a gostar de ser o outro na rela\u00e7\u00e3o por Mafalda estar com Eduardo.<\/p>\n","protected":false},"excerpt":{"rendered":"O Secret Story est\u00e1 de volta! Inscreva-se aqui Em \u00abA\u00a0Fazenda\u00bb, Becas (Rita Loureiro) diz a Gustavo (Nuno Gaspar)&hellip;\n","protected":false},"author":2,"featured_media":26987,"comment_status":"","ping_status":"","sticky":false,"template":"","format":"standard","meta":{"footnotes":""},"categories":[142],"tags":[657,160,166,114,115,157,167,164,2931,161,158,165,159,32,33,156,163,151,162],"class_list":{"0":"post-26986","1":"post","2":"type-post","3":"status-publish","4":"format-standard","5":"has-post-thumbnail","7":"category-tv","8":"tag-a-fazenda","9":"tag-ana-guiomar","10":"tag-cristina-ferreira","11":"tag-entertainment","12":"tag-entretenimento","13":"tag-festa-e-festa","14":"tag-ficcao","15":"tag-jose-fidalgo","16":"tag-novela","17":"tag-novelas","18":"tag-para-sempre","19":"tag-pedro-sousa","20":"tag-pedro-teixeira","21":"tag-portugal","22":"tag-pt","23":"tag-queridos-papas","24":"tag-tiago-teotonio-pereira","25":"tag-tv","26":"tag-tvi"},"share_on_mastodon":{"url":"","error":""},"_links":{"self":[{"href":"https:\/\/www.europesays.com\/pt\/wp-json\/wp\/v2\/posts\/26986","targetHints":{"allow":["GET"]}}],"collection":[{"href":"https:\/\/www.europesays.com\/pt\/wp-json\/wp\/v2\/posts"}],"about":[{"href":"https:\/\/www.europesays.com\/pt\/wp-json\/wp\/v2\/types\/post"}],"author":[{"embeddable":true,"href":"https:\/\/www.europesays.com\/pt\/wp-json\/wp\/v2\/users\/2"}],"replies":[{"embeddable":true,"href":"https:\/\/www.europesays.com\/pt\/wp-json\/wp\/v2\/comments?post=26986"}],"version-history":[{"count":0,"href":"https:\/\/www.europesays.com\/pt\/wp-json\/wp\/v2\/posts\/26986\/revisions"}],"wp:featuredmedia":[{"embeddable":true,"href":"https:\/\/www.europesays.com\/pt\/wp-json\/wp\/v2\/media\/26987"}],"wp:attachment":[{"href":"https:\/\/www.europesays.com\/pt\/wp-json\/wp\/v2\/media?parent=26986"}],"wp:term":[{"taxonomy":"category","embeddable":true,"href":"https:\/\/www.europesays.com\/pt\/wp-json\/wp\/v2\/categories?post=26986"},{"taxonomy":"post_tag","embeddable":true,"href":"https:\/\/www.europesays.com\/pt\/wp-json\/wp\/v2\/tags?post=26986"}],"curies":[{"name":"wp","href":"https:\/\/api.w.org\/{rel}","templated":true}]}}