{"id":26996,"date":"2025-08-13T00:54:13","date_gmt":"2025-08-13T00:54:13","guid":{"rendered":"https:\/\/www.europesays.com\/pt\/26996\/"},"modified":"2025-08-13T00:54:13","modified_gmt":"2025-08-13T00:54:13","slug":"loja-da-michael-kors-no-colombo-reabriu-com-um-conceito-unico-na-peninsula-iberica-nit","status":"publish","type":"post","link":"https:\/\/www.europesays.com\/pt\/26996\/","title":{"rendered":"Loja da Michael Kors no Colombo reabriu com um conceito \u00fanico na Pen\u00ednsula Ib\u00e9rica \u2014 NiT"},"content":{"rendered":"<p>A Michael Kors, que marca presen\u00e7a no centro comercial Colombo, em Lisboa, desde 2015, reabriu o espa\u00e7o a 6 de agosto, depois de fechar para algumas remodela\u00e7\u00f5es. Situada no piso zero, tem agora um conceito exclusivo: tornou-se a \u00fanica loja da marca na Pen\u00ednsula Ib\u00e9rica a ter cole\u00e7\u00f5es tanto para homens como para mulheres.<\/p>\n<p>Com uma \u00e1rea ampla, de 330 metros quadrados, o espa\u00e7o re\u00fane as principais linhas da etiqueta norte-americana, fundada em 1981. Carteiras, pronto-a-vestir, pequenos artigos em pele, cal\u00e7ado, joalharia, fragr\u00e2ncia, rel\u00f3gios e \u00f3culos de sol s\u00e3o alguns dos produtos que vai encontrar por l\u00e1. Est\u00e1 dispon\u00edvel tamb\u00e9m o servi\u00e7o de monogramas, que permite customizar pe\u00e7as selecionadas.<\/p>\n<p>A abertura do espa\u00e7o renovado surge a tempo do lan\u00e7amento da campanha de outono da Michael Kors, protagonizada por Suki Waterhouse e fotografada em Roma. \u201cAs imagens captam o esp\u00edrito de aventura e a autenticidade do estilo pessoal, com casacos marcantes, detalhes com franjas e novas silhuetas das ic\u00f3nicas carteiras Nolita e Hamilton\u201d, descreve a empresa.<\/p>\n<p class=\"v1MsoNormal\">\u201cCombinando versatilidade e um toque urbano-bo\u00e9mio, a cole\u00e7\u00e3o oferece todas as pe\u00e7as essenciais para um guarda-roupa completo: desde conjuntos coordenados que funcionam como fato ou vestido, at\u00e9 casacos impactantes, numa paleta de cores que inclui tons de azeitona, preto, cinzento e azuis, em degrad\u00e9, pontuada por met\u00e1licos intensos e um vermelho exuberante\u201d, acrescenta.<\/p>\n<p>Embora a loja j\u00e1 esteja aberta, o evento de reinaugura\u00e7\u00e3o acontecer\u00e1 em meados de setembro. A data ainda n\u00e3o foi revelada, mas sabemos que vai contar com um DJ set, cocktails e canap\u00e9s inspirados em Nova Iorque, a cidade natal de Kors.<\/p>\n","protected":false},"excerpt":{"rendered":"A Michael Kors, que marca presen\u00e7a no centro comercial Colombo, em Lisboa, desde 2015, reabriu o espa\u00e7o a&hellip;\n","protected":false},"author":2,"featured_media":26997,"comment_status":"","ping_status":"","sticky":false,"template":"","format":"standard","meta":{"footnotes":""},"categories":[83],"tags":[88,89,90,32,33],"class_list":{"0":"post-26996","1":"post","2":"type-post","3":"status-publish","4":"format-standard","5":"has-post-thumbnail","7":"category-empresas","8":"tag-business","9":"tag-economy","10":"tag-empresas","11":"tag-portugal","12":"tag-pt"},"share_on_mastodon":{"url":"","error":""},"_links":{"self":[{"href":"https:\/\/www.europesays.com\/pt\/wp-json\/wp\/v2\/posts\/26996","targetHints":{"allow":["GET"]}}],"collection":[{"href":"https:\/\/www.europesays.com\/pt\/wp-json\/wp\/v2\/posts"}],"about":[{"href":"https:\/\/www.europesays.com\/pt\/wp-json\/wp\/v2\/types\/post"}],"author":[{"embeddable":true,"href":"https:\/\/www.europesays.com\/pt\/wp-json\/wp\/v2\/users\/2"}],"replies":[{"embeddable":true,"href":"https:\/\/www.europesays.com\/pt\/wp-json\/wp\/v2\/comments?post=26996"}],"version-history":[{"count":0,"href":"https:\/\/www.europesays.com\/pt\/wp-json\/wp\/v2\/posts\/26996\/revisions"}],"wp:featuredmedia":[{"embeddable":true,"href":"https:\/\/www.europesays.com\/pt\/wp-json\/wp\/v2\/media\/26997"}],"wp:attachment":[{"href":"https:\/\/www.europesays.com\/pt\/wp-json\/wp\/v2\/media?parent=26996"}],"wp:term":[{"taxonomy":"category","embeddable":true,"href":"https:\/\/www.europesays.com\/pt\/wp-json\/wp\/v2\/categories?post=26996"},{"taxonomy":"post_tag","embeddable":true,"href":"https:\/\/www.europesays.com\/pt\/wp-json\/wp\/v2\/tags?post=26996"}],"curies":[{"name":"wp","href":"https:\/\/api.w.org\/{rel}","templated":true}]}}