{"id":26998,"date":"2025-08-13T00:55:08","date_gmt":"2025-08-13T00:55:08","guid":{"rendered":"https:\/\/www.europesays.com\/pt\/26998\/"},"modified":"2025-08-13T00:55:08","modified_gmt":"2025-08-13T00:55:08","slug":"o-crime-esta-fora-de-controlo-em-washington-como-disse-trump-e-falso-falso","status":"publish","type":"post","link":"https:\/\/www.europesays.com\/pt\/26998\/","title":{"rendered":"O crime est\u00e1 \u201cfora de controlo\u201d em Washington, como disse Trump? \u00c9 falso | Falso"},"content":{"rendered":"<p><strong>A frase<\/strong><\/p>\n<blockquote>\n<p>&#8220;Estamos aqui por causa de um assunto muito s\u00e9rio. Muito s\u00e9rio, muito s\u00e9rio. (\u2026) Algo est\u00e1 fora de controlo. Mas vamos colocar isso sob controlo muito rapidamente, como fizemos na fronteira sul. Estou aqui para anunciar uma ac\u00e7\u00e3o hist\u00f3rica para resgatar a capital do nosso pa\u00eds do crime, do derramamento de sangue, da confus\u00e3o, da mis\u00e9ria e de coisas piores. Este \u00e9 o Dia da Liberta\u00e7\u00e3o em [Washington] D.C., e vamos retomar nossa capital.&#8221;<\/p>\n<p>Donald Trump, Presidente dos EUA<\/p>\n<\/blockquote>\n<p><strong>O contexto<\/strong><\/p>\n<p>O Presidente dos Estados Unidos, Donald Trump, anunciou na segunda-feira o <a href=\"https:\/\/www.publico.pt\/2025\/08\/11\/mundo\/noticia\/trump-ordena-envio-guarda-nacional-washington-travar-onda-criminalidade-2143640\" rel=\"nofollow noopener\" target=\"_blank\">destacamento de 800 militares<\/a> da Guarda Nacional para a capital norte-americana e a coloca\u00e7\u00e3o da pol\u00edcia de Washington sob controlo federal, alegando a necessidade de travar uma \u201conda de criminalidade\u201d. E o an\u00fancio tornou-se realidade esta ter\u00e7a-feira com a chegada do contingente daquela for\u00e7a militar \u00e0 cidade.<\/p>\n<p>&#8220;Estou a destacar a Guarda Nacional para ajudar a restabelecer a lei, a ordem e a seguran\u00e7a p\u00fablica em Washington, D.C.&#8221;, afirmou <a href=\"https:\/\/www.publico.pt\/donald-trump\" rel=\"nofollow noopener\" target=\"_blank\">Trump <\/a>numa confer\u00eancia de imprensa na Casa Branca, acompanhado pelo secret\u00e1rio da Defesa, Pete Hegseth, e pela procuradora-geral, Pam Bondi. &#8220;A nossa capital foi tomada por gangs violentos e criminosos sedentos de sangue.&#8221;<\/p>\n<p>&#8220;Estamos aqui por causa de um assunto muito s\u00e9rio. Muito s\u00e9rio, muito s\u00e9rio. (\u2026.) Algo est\u00e1 fora de controlo. Mas vamos colocar isto sob controlo muito rapidamente, como fizemos na fronteira sul. Estou aqui para anunciar uma <a href=\"https:\/\/www.publico.pt\/2025\/08\/12\/mundo\/noticia\/policia-washington-dc-controlo-federal-apenas-inicio-casa-branca-2143790\" rel=\"nofollow noopener\" target=\"_blank\">ac\u00e7\u00e3o hist\u00f3rica para resgatar a capital do nosso pa\u00eds do crime<\/a>, do derramamento de sangue, da confus\u00e3o, da mis\u00e9ria e de coisas piores. Este \u00e9 o Dia da Liberta\u00e7\u00e3o em [Washington] D.C., e vamos retomar nossa capital,\u201d sublinhou ainda.<\/p>\n<p>Este an\u00fancio de Trump insere-se na sua estrat\u00e9gia de interven\u00e7\u00e3o em cidades que t\u00eam governadores democratas, recorrendo ao uso de poderes executivos em quest\u00f5es que s\u00e3o claramente da compet\u00eancia local. Trump, por\u00e9m, rejeita a tese de estar a \u201cfabricar\u201d uma crise para aumentar o seu poder numa cidade maioritariamente democrata.<\/p>\n<p>A ideia de que a cidade est\u00e1 tomada por uma onda de viol\u00eancia descontrolada \u00e9 falsa. A mayor de Washington DC, Muriel Bowser, diz que a cidade \u201cregistou uma grande redu\u00e7\u00e3o de crime\u201d e que os crimes violentos est\u00e3o no n\u00famero mais baixo em 30 anos.<\/p>\n<p><strong>Os factos<\/strong><\/p>\n<p>Os <a href=\"https:\/\/mpdc.dc.gov\/dailycrime\" rel=\"nofollow noopener\" target=\"_blank\">n\u00fameros provis\u00f3rios<\/a> revelados recentemente pelo Departamento da Pol\u00edcia Metropolitana de Washington indicam uma redu\u00e7\u00e3o substancial em todos os tipos de crimes. Os dados, que incluem a estat\u00edstica de registo de crimes de Janeiro a 12 de Agosto de 2025 em compara\u00e7\u00e3o com o per\u00edodo hom\u00f3logo de 2024, mostram que o n\u00famero de homic\u00eddios baixou 11%, os crimes de abuso sexual 50%, os crimes de assalto com armas perigosas 20%, os de roubo 28%, os crimes violentos 26%, furto 19%, roubo de carros 4%, crime de inc\u00eandio 33% e crimes contra a propriedade 4%. Todos os tipos de crimes diminu\u00edram entre o ano passado e este, excepto o roubo de carros que se mant\u00e9m com o mesmo registo e por isso teve uma varia\u00e7\u00e3o de 0%.<\/p>\n<p>No total, a pol\u00edcia registou 16.941 crimes no mesmo per\u00edodo de 2024 e 15.740 at\u00e9 Agosto deste ano, o que significa uma redu\u00e7\u00e3o global de 7%.<\/p>\n<p>De acordo com os mesmos dados preliminares da pol\u00edcia, e numa an\u00e1lise a dez anos, depois de o n\u00famero de homic\u00eddios ter atingido um pico em 2023 (274), caiu para 187 em 2024.<\/p>\n<p>Segundo um artigo de fact-checking da <a href=\"https:\/\/www.bbc.com\/news\/articles\/c8600x7dnn4o\" rel=\"nofollow noopener\" target=\"_blank\">BBC<\/a>, Trump e o sindicato dos pol\u00edcias colocam em causa os dados divulgados pelo departamento de pol\u00edcia. Os crimes violentos s\u00e3o reportados de forma diferente pela pol\u00edcia metropolitana de Washington e pelo FBI. Enquanto em 2024 a pol\u00edcia diz que ca\u00edram 35% face a 2023, o FBI diz que a percentagem de diminui\u00e7\u00e3o foi de 9%. Ou seja, ambas as for\u00e7as concordam com a diminui\u00e7\u00e3o, discordando apenas na sua percentagem.<\/p>\n<p>A tend\u00eancia de redu\u00e7\u00e3o \u00e9 \u201cinconfund\u00edvel e grande\u201d, diz Adam Gelb, presidente do Conselho de Justi\u00e7a Criminal, um \u201cthink-tank\u201d legal. \u201cOs n\u00fameros podem variar de acordo com o per\u00edodo e com os tipos de crime em an\u00e1lise. Mas no global, h\u00e1 uma redu\u00e7\u00e3o inconfund\u00edvel nos crimes violentos desde o Ver\u00e3o de 2023, quando houve aumento nos homic\u00eddios, assaltos \u00e0 m\u00e3o armada, roubo e carjacking\u201d, acrescentou.<\/p>\n<p>A BBC perguntou \u00e0 Casa Branca qual era a fonte dos dados que estavam a usar no retrato desta realidade. Responderam que estavam a usar &#8220;dados fornecidos pelo FBI\u201d.<\/p>\n<p>No caso do n\u00famero de homic\u00eddios, a taxa desses crimes teve de facto um aumento em 2023 subindo para 40 por cada 100 mil habitantes, a mais alta em 20 anos, segundo os n\u00fameros do FBI.<\/p>\n<p>Mas essa n\u00e3o foi a taxa mais alta alguma vez registada. Foi significativamente mais alta na d\u00e9cada de 1990 (quase 80 por cada 100 mil habitantes) e nos anos 2000. A taxa caiu em 2024 e continua a cair neste ano, com uma redu\u00e7\u00e3o de 12%.<\/p>\n<p>Veredicto<\/p>\n<p>N\u00e3o \u00e9 verdade que o crime esteja fora de controlo em Washington D.C., dando a ideia de que a cidade est\u00e1 completamente tomada por grupos criminosos perante os quais a pol\u00edcia nada consegue fazer. \u00c9 falso, segundo estat\u00edsticas do Departamento da Pol\u00edcia Metropolitana de Washington e do FBI.<\/p>\n","protected":false},"excerpt":{"rendered":"A frase &#8220;Estamos aqui por causa de um assunto muito s\u00e9rio. Muito s\u00e9rio, muito s\u00e9rio. (\u2026) Algo est\u00e1&hellip;\n","protected":false},"author":2,"featured_media":26999,"comment_status":"","ping_status":"","sticky":false,"template":"","format":"standard","meta":{"footnotes":""},"categories":[50],"tags":[993,27,28,604,92,1735,235,413,1734,15,16,14,25,26,21,22,62,12,13,19,20,1086,23,24,1733,17,18,29,30,31,63,64,65],"class_list":{"0":"post-26998","1":"post","2":"type-post","3":"status-publish","4":"format-standard","5":"has-post-thumbnail","7":"category-mundo","8":"tag-america","9":"tag-breaking-news","10":"tag-breakingnews","11":"tag-crime","12":"tag-donald-trump","13":"tag-emif2025","14":"tag-estados-unidos","15":"tag-eua","16":"tag-falso","17":"tag-featured-news","18":"tag-featurednews","19":"tag-headlines","20":"tag-latest-news","21":"tag-latestnews","22":"tag-main-news","23":"tag-mainnews","24":"tag-mundo","25":"tag-news","26":"tag-noticias","27":"tag-noticias-principais","28":"tag-noticiasprincipais","29":"tag-policia","30":"tag-principais-noticias","31":"tag-principaisnoticias","32":"tag-prova-dos-factos","33":"tag-top-stories","34":"tag-topstories","35":"tag-ultimas","36":"tag-ultimas-noticias","37":"tag-ultimasnoticias","38":"tag-world","39":"tag-world-news","40":"tag-worldnews"},"share_on_mastodon":{"url":"","error":""},"_links":{"self":[{"href":"https:\/\/www.europesays.com\/pt\/wp-json\/wp\/v2\/posts\/26998","targetHints":{"allow":["GET"]}}],"collection":[{"href":"https:\/\/www.europesays.com\/pt\/wp-json\/wp\/v2\/posts"}],"about":[{"href":"https:\/\/www.europesays.com\/pt\/wp-json\/wp\/v2\/types\/post"}],"author":[{"embeddable":true,"href":"https:\/\/www.europesays.com\/pt\/wp-json\/wp\/v2\/users\/2"}],"replies":[{"embeddable":true,"href":"https:\/\/www.europesays.com\/pt\/wp-json\/wp\/v2\/comments?post=26998"}],"version-history":[{"count":0,"href":"https:\/\/www.europesays.com\/pt\/wp-json\/wp\/v2\/posts\/26998\/revisions"}],"wp:featuredmedia":[{"embeddable":true,"href":"https:\/\/www.europesays.com\/pt\/wp-json\/wp\/v2\/media\/26999"}],"wp:attachment":[{"href":"https:\/\/www.europesays.com\/pt\/wp-json\/wp\/v2\/media?parent=26998"}],"wp:term":[{"taxonomy":"category","embeddable":true,"href":"https:\/\/www.europesays.com\/pt\/wp-json\/wp\/v2\/categories?post=26998"},{"taxonomy":"post_tag","embeddable":true,"href":"https:\/\/www.europesays.com\/pt\/wp-json\/wp\/v2\/tags?post=26998"}],"curies":[{"name":"wp","href":"https:\/\/api.w.org\/{rel}","templated":true}]}}