{"id":270050,"date":"2026-02-14T22:14:08","date_gmt":"2026-02-14T22:14:08","guid":{"rendered":"https:\/\/www.europesays.com\/pt\/270050\/"},"modified":"2026-02-14T22:14:08","modified_gmt":"2026-02-14T22:14:08","slug":"atletico-e-cruzeiro-escalados-para-ultima-rodada-do-mineiro-odds","status":"publish","type":"post","link":"https:\/\/www.europesays.com\/pt\/270050\/","title":{"rendered":"Atl\u00e9tico e Cruzeiro escalados para \u00faltima rodada do Mineiro; odds"},"content":{"rendered":"<p><img decoding=\"async\" fetchpriority=\"high\" src=\"https:\/\/www.europesays.com\/pt\/wp-content\/uploads\/2026\/02\/89atokl0l7ia286bvxaye436b.jpg\" width=\"906\" height=\"509\" alt=\"Atl\u00e9tico e Cruzeiro est\u00e3o definidos para a \u00faltima rodada do Mineiro\" title=\"Atl\u00e9tico e Cruzeiro est\u00e3o definidos para a \u00faltima rodada do Mineiro\"\/>Reprodu\u00e7\u00e3o @Atletico \/ Reprodu\u00e7\u00e3o @Cruzeiro<\/p>\n<p>Atl\u00e9tico e Cruzeiro est\u00e3o definidos para a \u00faltima rodada do Mineiro<\/p>\n<p><strong>Atl\u00e9tico-MG<\/strong> e <strong>Cruzeiro<\/strong> est\u00e3o escalados para a \u00faltima rodada do <strong>Campeonato Mineiro<\/strong>. O Galo precisa vencer e torcer por um trope\u00e7o da URT para ficar em primeiro do Grupo A. J\u00e1 para a Raposa, basta somar os tr\u00eas pontos para assegurar a ponta do Grupo C.<\/p>\n<p>Veja a escala\u00e7\u00e3o do Atl\u00e9tico-MG hoje<\/p>\n<p>O\u00a0t\u00e9cnico interino Lucas Gon\u00e7alves manda a campo o que tem de melhor, principalmente no setor ofensivo. Com\u00a0 <strong>Gustavo Scarpa\u00a0<\/strong>comandando o meio, a responsabilidade de balan\u00e7ar as redes cai no colo de\u00a0 <strong>Hulk\u00a0<\/strong>e\u00a0 <strong>Dudu,<\/strong> que formam a dupla de ataque.<\/p>\n<p>Veja a escala\u00e7\u00e3o do\u00a0Cruzeiro\u00a0hoje<\/p>\n<p>J\u00e1 do lado da Raposa, o t\u00e9cnico\u00a0 <strong>Tite\u00a0<\/strong>segue com as escala\u00e7\u00f5es utilizadas nos \u00faltimos jogos. Al\u00e9m de\u00a0 <strong>C\u00e1ssio\u00a0<\/strong>no gol, <strong>Gerson\u00a0<\/strong>continua como titular no meio de campo. Na frente, o artilheiro\u00a0 <strong>Kaio Jorge\u00a0<\/strong>tenta aumentar a m\u00e9dia de gols nos \u00faltimos jogos, quando balan\u00e7ou as redes\u00a0 <strong>quatro vezes em cinco partidas.<\/strong><\/p>\n","protected":false},"excerpt":{"rendered":"Reprodu\u00e7\u00e3o @Atletico \/ Reprodu\u00e7\u00e3o @Cruzeiro Atl\u00e9tico e Cruzeiro est\u00e3o definidos para a \u00faltima rodada do Mineiro Atl\u00e9tico-MG e&hellip;\n","protected":false},"author":2,"featured_media":270051,"comment_status":"","ping_status":"","sticky":false,"template":"","format":"standard","meta":{"footnotes":"","_share_on_mastodon":"0"},"categories":[141],"tags":[114,115,24427,149,150,32,49720,33],"class_list":["post-270050","post","type-post","status-publish","format-standard","has-post-thumbnail","category-musica","tag-entertainment","tag-entretenimento","tag-estadual","tag-music","tag-musica","tag-portugal","tag-prognosticos","tag-pt"],"share_on_mastodon":{"url":"https:\/\/pubeurope.com\/@pt\/116071292207797829","error":""},"_links":{"self":[{"href":"https:\/\/www.europesays.com\/pt\/wp-json\/wp\/v2\/posts\/270050","targetHints":{"allow":["GET"]}}],"collection":[{"href":"https:\/\/www.europesays.com\/pt\/wp-json\/wp\/v2\/posts"}],"about":[{"href":"https:\/\/www.europesays.com\/pt\/wp-json\/wp\/v2\/types\/post"}],"author":[{"embeddable":true,"href":"https:\/\/www.europesays.com\/pt\/wp-json\/wp\/v2\/users\/2"}],"replies":[{"embeddable":true,"href":"https:\/\/www.europesays.com\/pt\/wp-json\/wp\/v2\/comments?post=270050"}],"version-history":[{"count":0,"href":"https:\/\/www.europesays.com\/pt\/wp-json\/wp\/v2\/posts\/270050\/revisions"}],"wp:featuredmedia":[{"embeddable":true,"href":"https:\/\/www.europesays.com\/pt\/wp-json\/wp\/v2\/media\/270051"}],"wp:attachment":[{"href":"https:\/\/www.europesays.com\/pt\/wp-json\/wp\/v2\/media?parent=270050"}],"wp:term":[{"taxonomy":"category","embeddable":true,"href":"https:\/\/www.europesays.com\/pt\/wp-json\/wp\/v2\/categories?post=270050"},{"taxonomy":"post_tag","embeddable":true,"href":"https:\/\/www.europesays.com\/pt\/wp-json\/wp\/v2\/tags?post=270050"}],"curies":[{"name":"wp","href":"https:\/\/api.w.org\/{rel}","templated":true}]}}