{"id":27021,"date":"2025-08-13T01:17:06","date_gmt":"2025-08-13T01:17:06","guid":{"rendered":"https:\/\/www.europesays.com\/pt\/27021\/"},"modified":"2025-08-13T01:17:06","modified_gmt":"2025-08-13T01:17:06","slug":"quando-e-em-qual-streaming-assistir-ao-filme-online","status":"publish","type":"post","link":"https:\/\/www.europesays.com\/pt\/27021\/","title":{"rendered":"quando e em qual streaming assistir ao filme online"},"content":{"rendered":"<p>Filme de terror em cartaz nos cinemas desde 7 de agosto, <a href=\"https:\/\/tangerina.uol.com.br\/filmes-series\/a-hora-do-mal-100-melhor-filme-do-ano\/\" target=\"_blank\" rel=\"noreferrer noopener nofollow\">A Hora do Mal<\/a> \u00e9 um filme da New Line Cinema distribu\u00eddo pela Warner Bros. Pictures no Brasil. O est\u00fadio, que \u00e9 dono de seu pr\u00f3prio streaming, a HBO Max, costuma liberar suas produ\u00e7\u00f5es para assistir online cerca de 80 dias depois do lan\u00e7amento nas telonas.<\/p>\n<p>Antes de ficar dispon\u00edvel para assinantes da HBO Max, o que deve acontecer a partir de outubro, o filme que est\u00e1 com aprova\u00e7\u00e3o superior a <a href=\"https:\/\/tangerina.uol.com.br\/filmes-series\/a-hora-do-mal-100-melhor-filme-do-ano\/\" target=\"_blank\" rel=\"noreferrer noopener nofollow\">90% no Rotten Tomatoes<\/a> tamb\u00e9m poder\u00e1 ser alugado em plataformas digitais, provavelmente a partir da segunda quinzena de setembro.<\/p>\n<p>A <strong>Tangerina<\/strong> mostra abaixo o tempo que levou para algumas das principais estreias recentes de filmes da Warner ficarem dispon\u00edveis para assistir online no Brasil:<\/p>\n<p>Premoni\u00e7\u00e3o 6: La\u00e7os de Sangue<\/p>\n<li>Nos cinemas: 15 de maio de 2025<\/li>\n<li>Para aluguel nas plataformas: 29 de junho \u2013 45 dias<\/li>\n<li>HBO Max: 1\u00ba de agosto de 2025 \u2013 78 dias<\/li>\n<p>Pecadores<\/p>\n<li>Nos cinemas: 17 de abril de 2025<\/li>\n<li>Para aluguel nas plataformas: 3 de junho de 2025 \u2013 47 dias<\/li>\n<li>HBO Max: 4 de julho de 2025 \u2013 78 dias<\/li>\n<p>Um Filme Minecraft<\/p>\n<li>Nos cinemas: 3 de abril de 2025<\/li>\n<li>Para aluguel nas plataformas: 18 de maio de 2025 \u2013 45 dias<\/li>\n<li>HBO Max: 20 de junho de 2025 \u2013 78 dias<\/li>\n<p>A Hora do Mal (2025)<\/p>\n<li>Nos cinemas: 7 de agosto<\/li>\n<li>Para aluguel nas plataformas online: A partir da segunda quinzena de setembro de 2025 (previs\u00e3o)<\/li>\n<li>A Hora do Mal no streaming HBO Max: A partir da segunda quinzena de outubro de 2025 (previs\u00e3o)<\/li>\n<p>Quando todas as crian\u00e7as de uma mesma classe \u2013 exceto uma \u2013 somem misteriosamente na mesma noite e exatamente ao mesmo tempo, todos da cidade come\u00e7am a se questionar quem ou o que est\u00e1 por tr\u00e1s deste estranho desaparecimento. A Hora do Mal \u00e9 estrelado por Josh Brolin, Julia Garner, Alden Ehrenreich, Austin Abrams, Cary Christopher, com Benedict Wong e Amy Madigan.<\/p>\n","protected":false},"excerpt":{"rendered":"Filme de terror em cartaz nos cinemas desde 7 de agosto, A Hora do Mal \u00e9 um filme&hellip;\n","protected":false},"author":2,"featured_media":27022,"comment_status":"","ping_status":"","sticky":false,"template":"","format":"standard","meta":{"footnotes":""},"categories":[140],"tags":[470,114,115,147,148,1583,146,32,33,1660],"class_list":{"0":"post-27021","1":"post","2":"type-post","3":"status-publish","4":"format-standard","5":"has-post-thumbnail","7":"category-filmes","8":"tag-cinema","9":"tag-entertainment","10":"tag-entretenimento","11":"tag-film","12":"tag-filmes","13":"tag-hbo-max","14":"tag-movies","15":"tag-portugal","16":"tag-pt","17":"tag-terror"},"share_on_mastodon":{"url":"","error":""},"_links":{"self":[{"href":"https:\/\/www.europesays.com\/pt\/wp-json\/wp\/v2\/posts\/27021","targetHints":{"allow":["GET"]}}],"collection":[{"href":"https:\/\/www.europesays.com\/pt\/wp-json\/wp\/v2\/posts"}],"about":[{"href":"https:\/\/www.europesays.com\/pt\/wp-json\/wp\/v2\/types\/post"}],"author":[{"embeddable":true,"href":"https:\/\/www.europesays.com\/pt\/wp-json\/wp\/v2\/users\/2"}],"replies":[{"embeddable":true,"href":"https:\/\/www.europesays.com\/pt\/wp-json\/wp\/v2\/comments?post=27021"}],"version-history":[{"count":0,"href":"https:\/\/www.europesays.com\/pt\/wp-json\/wp\/v2\/posts\/27021\/revisions"}],"wp:featuredmedia":[{"embeddable":true,"href":"https:\/\/www.europesays.com\/pt\/wp-json\/wp\/v2\/media\/27022"}],"wp:attachment":[{"href":"https:\/\/www.europesays.com\/pt\/wp-json\/wp\/v2\/media?parent=27021"}],"wp:term":[{"taxonomy":"category","embeddable":true,"href":"https:\/\/www.europesays.com\/pt\/wp-json\/wp\/v2\/categories?post=27021"},{"taxonomy":"post_tag","embeddable":true,"href":"https:\/\/www.europesays.com\/pt\/wp-json\/wp\/v2\/tags?post=27021"}],"curies":[{"name":"wp","href":"https:\/\/api.w.org\/{rel}","templated":true}]}}