{"id":270253,"date":"2026-02-15T01:12:07","date_gmt":"2026-02-15T01:12:07","guid":{"rendered":"https:\/\/www.europesays.com\/pt\/270253\/"},"modified":"2026-02-15T01:12:07","modified_gmt":"2026-02-15T01:12:07","slug":"eleitor-impedido-de-votar-nas-caldas-disseram-lhe-que-ja-tinha-votado","status":"publish","type":"post","link":"https:\/\/www.europesays.com\/pt\/270253\/","title":{"rendered":"Eleitor impedido de votar nas Caldas: disseram-lhe que j\u00e1 tinha votado"},"content":{"rendered":"<p>Lu\u00eds Diogo ganhou o h\u00e1bito de votar antecipadamente para &#8220;evitar confus\u00f5es&#8221;. Na segunda volta das presidenciais, inscreveu-se como \u00e9 costume, mas acabou por n\u00e3o votar por causa do mau tempo &#8211; vive nas Caldas da Rainha. Tentou, por isso, no dia 8, mas foi impedido. Os membros da mesa disseram-lhe que j\u00e1 tinha votado e mostraram-lhe, inclusivamente, um envelope fechado com os seus dados pessoais (n\u00famero de cart\u00e3o de cidad\u00e3o) que teria l\u00e1 dentro o seu voto.<\/p>\n","protected":false},"excerpt":{"rendered":"Lu\u00eds Diogo ganhou o h\u00e1bito de votar antecipadamente para &#8220;evitar confus\u00f5es&#8221;. Na segunda volta das presidenciais, inscreveu-se como&hellip;\n","protected":false},"author":2,"featured_media":270254,"comment_status":"","ping_status":"","sticky":false,"template":"","format":"standard","meta":{"footnotes":"","_share_on_mastodon":"0"},"categories":[10],"tags":[27,28,15996,1705,15,16,14,25,26,21,22,619,12,13,19,20,32,5215,1076,23,24,33,17,18,29,30,31],"class_list":["post-270253","post","type-post","status-publish","format-standard","has-post-thumbnail","category-portugal","tag-breaking-news","tag-breakingnews","tag-cne","tag-eleicoes-presidenciais","tag-featured-news","tag-featurednews","tag-headlines","tag-latest-news","tag-latestnews","tag-main-news","tag-mainnews","tag-nacional","tag-news","tag-noticias","tag-noticias-principais","tag-noticiasprincipais","tag-portugal","tag-presidenciais","tag-presidenciais-2026","tag-principais-noticias","tag-principaisnoticias","tag-pt","tag-top-stories","tag-topstories","tag-ultimas","tag-ultimas-noticias","tag-ultimasnoticias"],"share_on_mastodon":{"url":"https:\/\/pubeurope.com\/@pt\/116071992064877925","error":""},"_links":{"self":[{"href":"https:\/\/www.europesays.com\/pt\/wp-json\/wp\/v2\/posts\/270253","targetHints":{"allow":["GET"]}}],"collection":[{"href":"https:\/\/www.europesays.com\/pt\/wp-json\/wp\/v2\/posts"}],"about":[{"href":"https:\/\/www.europesays.com\/pt\/wp-json\/wp\/v2\/types\/post"}],"author":[{"embeddable":true,"href":"https:\/\/www.europesays.com\/pt\/wp-json\/wp\/v2\/users\/2"}],"replies":[{"embeddable":true,"href":"https:\/\/www.europesays.com\/pt\/wp-json\/wp\/v2\/comments?post=270253"}],"version-history":[{"count":0,"href":"https:\/\/www.europesays.com\/pt\/wp-json\/wp\/v2\/posts\/270253\/revisions"}],"wp:featuredmedia":[{"embeddable":true,"href":"https:\/\/www.europesays.com\/pt\/wp-json\/wp\/v2\/media\/270254"}],"wp:attachment":[{"href":"https:\/\/www.europesays.com\/pt\/wp-json\/wp\/v2\/media?parent=270253"}],"wp:term":[{"taxonomy":"category","embeddable":true,"href":"https:\/\/www.europesays.com\/pt\/wp-json\/wp\/v2\/categories?post=270253"},{"taxonomy":"post_tag","embeddable":true,"href":"https:\/\/www.europesays.com\/pt\/wp-json\/wp\/v2\/tags?post=270253"}],"curies":[{"name":"wp","href":"https:\/\/api.w.org\/{rel}","templated":true}]}}