{"id":27061,"date":"2025-08-13T02:01:17","date_gmt":"2025-08-13T02:01:17","guid":{"rendered":"https:\/\/www.europesays.com\/pt\/27061\/"},"modified":"2025-08-13T02:01:17","modified_gmt":"2025-08-13T02:01:17","slug":"bruno-de-carvalho-promete-ir-ao-dois-as-10-e-cristina-ferreira-deixa-recado-em-direto-dois-as-10","status":"publish","type":"post","link":"https:\/\/www.europesays.com\/pt\/27061\/","title":{"rendered":"Bruno de Carvalho promete ir ao \u00abDois \u00e0s 10\u00bb e Cristina Ferreira deixa recado em direto &#8211; Dois \u00e0s 10"},"content":{"rendered":"<p>                        Ap\u00f3s a expuls\u00e3o direta do Big Brother \u2013 Ver\u00e3o, Bruno de Carvalho garantiu que iria ao Dois \u00e0s 10 esclarecer tudo, mas Cristina Ferreira aproveitou o programa desta ter\u00e7a-feira para lhe deixar um recado e garantir que est\u00e1 pronta para responder a todas as quest\u00f5es.<\/p>\n<p data-end=\"552\" data-start=\"228\">Logo no arranque do <strong>Dois \u00e0s 10<\/strong> desta ter\u00e7a-feira, Cristina Ferreira comentou a expuls\u00e3o direta de Bruno de Carvalho do Big Brother \u2013 Ver\u00e3o. O concorrente deixou a casa mais vigiada do Pa\u00eds na noite de segunda-feira, dia 12, ap\u00f3s um gesto pol\u00e9mico que motivou a decis\u00e3o da produ\u00e7\u00e3o: um pontap\u00e9 nos p\u00e9s de Afonso Leit\u00e3o.<\/p>\n<p data-end=\"889\" data-start=\"554\"><strong>\u201cEu espero que o Bruno venha c\u00e1, at\u00e9 porque o Bruno disse que ia esclarecer tudo no Dois \u00e0s 10 e que era aqui que ia p\u00f4r tudo em pratos limpos. Espero que venha c\u00e1 para termos uma conversa. At\u00e9 porque h\u00e1 acusa\u00e7\u00f5es \u00e0 produ\u00e7\u00e3o e eu estou c\u00e1 para responder porque sei de tudo desde o primeiro dia\u201d<\/strong>, afirmou Cristina Ferreira, ao vivo.<\/p>\n<p data-end=\"1259\" data-start=\"891\">A apresentadora recordou ainda o in\u00edcio da liga\u00e7\u00e3o profissional com Bruno de Carvalho.<strong> \u201cFui eu que o convidei pela primeira vez para ir para um reality show e fui eu tamb\u00e9m que o defendi num dia em que ele foi expulso porque tinha um processo contra ele c\u00e1 fora. E defendi porque, juntamente com a produ\u00e7\u00e3o, sab\u00edamos aquilo que tinha acontecido dentro daquela casa.\u201d<\/strong><\/p>\n<p data-end=\"1498\" data-start=\"1261\">Cristina deixou ainda um recado ao ex-presidente do Sporting:<strong> \u201c\u00c9 homenzinho suficiente para responder \u00e0s perguntas que temos para lhe fazer. Nas imagens, aquilo que se viu foi, de facto, que o Afonso teve sempre os p\u00e9s no mesmo s\u00edtio.\u201d<\/strong><\/p>\n<p data-end=\"1778\" data-start=\"1500\"><strong>\u201cTenho muita pena porque gosto muito do Bruno. Acho que, quando usa o seu lado do humor e est\u00e1 bem-disposto\u2026 Quando ele entrou, eram milh\u00f5es de pessoas a ver, porque, de repente, ele era divertido.\u201d<\/strong><\/p>\n<p data-end=\"1871\" data-start=\"1780\">No final do programa, Cristina revelou que Bruno estar\u00e1 presente esta quarta feira.<\/p>\n","protected":false},"excerpt":{"rendered":"Ap\u00f3s a expuls\u00e3o direta do Big Brother \u2013 Ver\u00e3o, Bruno de Carvalho garantiu que iria ao Dois \u00e0s&hellip;\n","protected":false},"author":2,"featured_media":27062,"comment_status":"","ping_status":"","sticky":false,"template":"","format":"standard","meta":{"footnotes":""},"categories":[142],"tags":[1170,341,329,166,3412,3406,3409,801,3410,3411,3407,3408,114,115,3413,338,32,33,151],"class_list":{"0":"post-27061","1":"post","2":"type-post","3":"status-publish","4":"format-standard","5":"has-post-thumbnail","7":"category-tv","8":"tag-big-brother-verao","9":"tag-bruno-de-carvalho","10":"tag-claudio-ramos","11":"tag-cristina-ferreira","12":"tag-dois-10","13":"tag-dois-a-s-10-dois-a-s-10","14":"tag-dois-a-s-dez","15":"tag-dois-as-10","16":"tag-dois-as-dez","17":"tag-dois-dez","18":"tag-doisas10","19":"tag-doisasdez","20":"tag-entertainment","21":"tag-entretenimento","22":"tag-manha-tvi","23":"tag-maria-botelho-moniz","24":"tag-portugal","25":"tag-pt","26":"tag-tv"},"share_on_mastodon":{"url":"","error":""},"_links":{"self":[{"href":"https:\/\/www.europesays.com\/pt\/wp-json\/wp\/v2\/posts\/27061","targetHints":{"allow":["GET"]}}],"collection":[{"href":"https:\/\/www.europesays.com\/pt\/wp-json\/wp\/v2\/posts"}],"about":[{"href":"https:\/\/www.europesays.com\/pt\/wp-json\/wp\/v2\/types\/post"}],"author":[{"embeddable":true,"href":"https:\/\/www.europesays.com\/pt\/wp-json\/wp\/v2\/users\/2"}],"replies":[{"embeddable":true,"href":"https:\/\/www.europesays.com\/pt\/wp-json\/wp\/v2\/comments?post=27061"}],"version-history":[{"count":0,"href":"https:\/\/www.europesays.com\/pt\/wp-json\/wp\/v2\/posts\/27061\/revisions"}],"wp:featuredmedia":[{"embeddable":true,"href":"https:\/\/www.europesays.com\/pt\/wp-json\/wp\/v2\/media\/27062"}],"wp:attachment":[{"href":"https:\/\/www.europesays.com\/pt\/wp-json\/wp\/v2\/media?parent=27061"}],"wp:term":[{"taxonomy":"category","embeddable":true,"href":"https:\/\/www.europesays.com\/pt\/wp-json\/wp\/v2\/categories?post=27061"},{"taxonomy":"post_tag","embeddable":true,"href":"https:\/\/www.europesays.com\/pt\/wp-json\/wp\/v2\/tags?post=27061"}],"curies":[{"name":"wp","href":"https:\/\/api.w.org\/{rel}","templated":true}]}}