{"id":271120,"date":"2026-02-15T17:57:12","date_gmt":"2026-02-15T17:57:12","guid":{"rendered":"https:\/\/www.europesays.com\/pt\/271120\/"},"modified":"2026-02-15T17:57:12","modified_gmt":"2026-02-15T17:57:12","slug":"vem-ai-em-a-protegida-laura-esta-a-ser-perseguida-novelas","status":"publish","type":"post","link":"https:\/\/www.europesays.com\/pt\/271120\/","title":{"rendered":"Vem a\u00ed em \u00abA Protegida\u00bb: Laura est\u00e1 a ser perseguida? &#8211; Novelas"},"content":{"rendered":"<p>Em \u00abA Protegida\u00bb, <a href=\"https:\/\/tvi.iol.pt\/novelas\/search?pagina=1&amp;pesquisa=alexandra+lencastre\" rel=\"nofollow noopener\" target=\"_blank\">Laura (Alexandra Lencastre)<\/a>\u00a0entra da rua e comenta com Diana que teve a impress\u00e3o de estar a ser observada, mas desvaloriza.<\/p>\n<p><a href=\"https:\/\/tvi.iol.pt\/novelas\/videos\/margarida-e-virgilio-envolvem-se-mas-algo-acontece\/67ec16c40cf20ac1d5f2fa1f\" rel=\"nofollow noopener\" target=\"_blank\">Margarida (In\u00eas Her\u00e9dia)<\/a>\u00a0conta a Laura que <a href=\"https:\/\/tvi.iol.pt\/novelas\/ator\/virgilio-cruz\/67ac83e1d34e3f0bae9a56e3\" rel=\"nofollow noopener\" target=\"_blank\">Virg\u00edlio (Diogo Morgado)<\/a>\u00a0bateu em <a href=\"https:\/\/tvi.iol.pt\/novelas\/videos\/sanjay-e-apanhado-a-roubar-comida\/67ed5b3f0cf20ac1d5f2fac7\" rel=\"nofollow noopener\" target=\"_blank\">Sanjay (M\u00e1rio Oliveira)<\/a>\u00a0e pergunta-lhe se nunca o achou perigoso. Laura fica surpreendida, pois sempre achou que ele nunca faria mal a ningu\u00e9m, a n\u00e3o ser a ele pr\u00f3prio.<\/p>\n","protected":false},"excerpt":{"rendered":"Em \u00abA Protegida\u00bb, Laura (Alexandra Lencastre)\u00a0entra da rua e comenta com Diana que teve a impress\u00e3o de estar&hellip;\n","protected":false},"author":2,"featured_media":120312,"comment_status":"","ping_status":"","sticky":false,"template":"","format":"standard","meta":{"footnotes":"","_share_on_mastodon":"0"},"categories":[142],"tags":[168,882,160,166,114,115,157,167,164,885,161,158,165,159,32,33,156,163,151,162],"class_list":["post-271120","post","type-post","status-publish","format-standard","has-post-thumbnail","category-tv","tag-a-protegida","tag-alexandra-lencastre","tag-ana-guiomar","tag-cristina-ferreira","tag-entertainment","tag-entretenimento","tag-festa-e-festa","tag-ficcao","tag-jose-fidalgo","tag-laura","tag-novelas","tag-para-sempre","tag-pedro-sousa","tag-pedro-teixeira","tag-portugal","tag-pt","tag-queridos-papas","tag-tiago-teotonio-pereira","tag-tv","tag-tvi"],"share_on_mastodon":{"url":"https:\/\/pubeurope.com\/@pt\/116075944142445250","error":""},"_links":{"self":[{"href":"https:\/\/www.europesays.com\/pt\/wp-json\/wp\/v2\/posts\/271120","targetHints":{"allow":["GET"]}}],"collection":[{"href":"https:\/\/www.europesays.com\/pt\/wp-json\/wp\/v2\/posts"}],"about":[{"href":"https:\/\/www.europesays.com\/pt\/wp-json\/wp\/v2\/types\/post"}],"author":[{"embeddable":true,"href":"https:\/\/www.europesays.com\/pt\/wp-json\/wp\/v2\/users\/2"}],"replies":[{"embeddable":true,"href":"https:\/\/www.europesays.com\/pt\/wp-json\/wp\/v2\/comments?post=271120"}],"version-history":[{"count":0,"href":"https:\/\/www.europesays.com\/pt\/wp-json\/wp\/v2\/posts\/271120\/revisions"}],"wp:featuredmedia":[{"embeddable":true,"href":"https:\/\/www.europesays.com\/pt\/wp-json\/wp\/v2\/media\/120312"}],"wp:attachment":[{"href":"https:\/\/www.europesays.com\/pt\/wp-json\/wp\/v2\/media?parent=271120"}],"wp:term":[{"taxonomy":"category","embeddable":true,"href":"https:\/\/www.europesays.com\/pt\/wp-json\/wp\/v2\/categories?post=271120"},{"taxonomy":"post_tag","embeddable":true,"href":"https:\/\/www.europesays.com\/pt\/wp-json\/wp\/v2\/tags?post=271120"}],"curies":[{"name":"wp","href":"https:\/\/api.w.org\/{rel}","templated":true}]}}