{"id":271142,"date":"2026-02-15T18:25:11","date_gmt":"2026-02-15T18:25:11","guid":{"rendered":"https:\/\/www.europesays.com\/pt\/271142\/"},"modified":"2026-02-15T18:25:11","modified_gmt":"2026-02-15T18:25:11","slug":"bbb-26-apos-show-de-simone-mendes-festa-tem-choro-ciumes-e-rompimento-de-aliancas-zoeira","status":"publish","type":"post","link":"https:\/\/www.europesays.com\/pt\/271142\/","title":{"rendered":"BBB 26: Ap\u00f3s show de Simone Mendes, festa tem choro, ci\u00fames e rompimento de alian\u00e7as &#8211; Zoeira"},"content":{"rendered":"<p>A <strong>noite de s\u00e1bado (15) no BBB 26<\/strong> foi marcada por emo\u00e7\u00e3o dentro e fora do palco. A cantora <strong>Simone Mendes comandou<\/strong> a festa e colocou os brothers para dan\u00e7ar. Depois do show, j\u00e1 na madrugada, o clima mudou: arrependimentos, l\u00e1grimas, ci\u00fames e rompimento de alian\u00e7as movimentaram a casa.<\/p>\n<p>O arrependimento ficou por conta de Gabriela. Mais cedo, ela havia indicado o ent\u00e3o aliado <a href=\"https:\/\/diariodonordeste.verdesmares.com.br\/entretenimento\/zoeira\/cowboy-e-escolhido-por-gabi-para-o-castigo-do-monstro-no-bbb-26-1.3743111\" rel=\"nofollow noopener\" target=\"_blank\">Alberto Cowboy para o Castigo do Monstro<\/a>, alegando ter sido chamada de &#8220;fraca de prova&#8221; pelo brother.<\/p>\n<p>&#8220;Eu me sinto um lixo, coloquei porque ele me machucou muito&#8221;, justificou a participante durante a festa.<\/p>\n<p><strong>Gabi se diz arrependida da escolha do Monstro<\/strong><\/p>\n<p>Horas depois, em conversa com Marciele, a sister voltou ao assunto e admitiu arrependimento. Ela refor\u00e7ou que agiu no calor do momento, magoada com o coment\u00e1rio do aliado.<\/p>\n<blockquote class=\"twitter-tweet\">\n<p lang=\"pt\" dir=\"ltr\">\ud83d\udcac Gabriela: &#8220;Independente de jogo, me machucou&#8221; <a href=\"https:\/\/twitter.com\/hashtag\/BBB26?src=hash&amp;ref_src=twsrc%5Etfw\" rel=\"nofollow noopener\" target=\"_blank\">#BBB26<\/a> <a href=\"https:\/\/twitter.com\/hashtag\/RedeBBB?src=hash&amp;ref_src=twsrc%5Etfw\" rel=\"nofollow noopener\" target=\"_blank\">#RedeBBB<\/a> <a href=\"https:\/\/twitter.com\/hashtag\/FestaBBB?src=hash&amp;ref_src=twsrc%5Etfw\" rel=\"nofollow noopener\" target=\"_blank\">#FestaBBB<\/a> <a href=\"https:\/\/t.co\/efc1MYYYC9\" rel=\"nofollow\">pic.twitter.com\/efc1MYYYC9<\/a><\/p>\n<p>\u2014 Big Brother Brasil (@bbb) <a href=\"https:\/\/twitter.com\/bbb\/status\/2022886069742731422?ref_src=twsrc%5Etfw\" rel=\"nofollow noopener\" target=\"_blank\">February 15, 2026<\/a><\/p><\/blockquote>\n<p>&#8220;N\u00e3o, foi porque me doeu. Eu falei: &#8216;Vai me doer muito&#8217;. Mas, naquele momento, se eu colocasse outra pessoa, eu iria estar me enganando, porque naquela hora estava me doendo muito&#8221;, disse.<\/p>\n<p>&#8220;Eu me sinto um lixo. Eu coloquei porque ele me machucou muito, s\u00f3 que ele est\u00e1 no Pared\u00e3o&#8230;&#8221;, completou ainda durante a festa.<\/p>\n<blockquote class=\"blockquote border-accent not-italic\">\n<p>\n\t\t\tJ\u00e1 em conversa com Chaiany, Gabriela reconheceu que est\u00e1 se cobrando pela decis\u00e3o. &#8220;N\u00e3o \u00e9 sobre l\u00e1 fora, eu que estou me martirizando. [&#8230;] S\u00f3 que ele tamb\u00e9m j\u00e1 me acolheu, eu que fui pelo sentimento da raiva&#8221;, afirmou, chorando.\n\t\t<\/p>\n<\/blockquote>\n<p><strong>Cowboy aconselha Jonas<\/strong><\/p>\n<p>Enquanto isso, Alberto Cowboy aproveitou a madrugada para aconselhar seu aliado, o l\u00edder Jonas Sulzbach. <a href=\"https:\/\/diariodonordeste.verdesmares.com.br\/entretenimento\/zoeira\/ana-paula-renault-trocam-flertes-jonas-sulzbach-antes-da-festa-do-bbb-26-1.3733871\" rel=\"nofollow noopener\" target=\"_blank\">O brother tem se aproximado de Ana Paula \u2014 os dois, inclusive, ensaiam um affair na casa<\/a> \u2014 mas fazem parte de grupos diferentes, o que tem gerado desconforto entre aliados.<\/p>\n<p>&#8220;Se distraia com a Ana Paula, mas cuidado para as brincadeiras n\u00e3o excederem muito&#8221;, alertou Cowboy. Ele ainda destacou que Jonas tem a admira\u00e7\u00e3o da torcida de Maxiane.\u00a0<\/p>\n<blockquote class=\"twitter-tweet\">\n<p lang=\"pt\" dir=\"ltr\">Jonas: &#8220;O que ela t\u00e1 fazendo comigo, faz parte do jogo dela, pra virar meme&#8230;&#8221; \ud83d\udde3\ufe0f<a href=\"https:\/\/twitter.com\/hashtag\/FestaBBB?src=hash&amp;ref_src=twsrc%5Etfw\" rel=\"nofollow noopener\" target=\"_blank\">#FestaBBB<\/a> <a href=\"https:\/\/twitter.com\/hashtag\/BBB26?src=hash&amp;ref_src=twsrc%5Etfw\" rel=\"nofollow noopener\" target=\"_blank\">#BBB26<\/a> <a href=\"https:\/\/twitter.com\/hashtag\/RedeBBB?src=hash&amp;ref_src=twsrc%5Etfw\" rel=\"nofollow noopener\" target=\"_blank\">#RedeBBB<\/a> <a href=\"https:\/\/t.co\/xBD2y9MzOZ\" rel=\"nofollow\">pic.twitter.com\/xBD2y9MzOZ<\/a><\/p>\n<p>\u2014 Big Brother Brasil (@bbb) <a href=\"https:\/\/twitter.com\/bbb\/status\/2022914182740320392?ref_src=twsrc%5Etfw\" rel=\"nofollow noopener\" target=\"_blank\">February 15, 2026<\/a><\/p><\/blockquote>\n<p>&#8220;[Tem que] levar na esportiva. Eu estou ligado, se eu n\u00e3o sou L\u00edder, ela vota em mim&#8221;, respondeu Jonas.<\/p>\n<p>&#8220;O que ela est\u00e1 fazendo faz parte do jogo dela. \u00c9 para virar meme&#8230; Eu sei isso a\u00ed. A mulher me chamou de burro, agora que me pegar?&#8221;, completou.<\/p>\n<p><strong>Samira e Cowboy se entendem<\/strong><\/p>\n<p>Ap\u00f3s uma discuss\u00e3o durante a prova do l\u00edder, Samira procurou Cowboy para esclarecer o desentendimento. Ele havia sido acusado de gritar com a sister no momento em que ela foi eliminada da disputa, j\u00e1 Samira provocou o brother que <a href=\"https:\/\/diariodonordeste.verdesmares.com.br\/entretenimento\/zoeira\/bbb-26-confira-resultado-da-dinamica-bloco-do-paredao-1.3742995\" rel=\"nofollow noopener\" target=\"_blank\">est\u00e1 no pared\u00e3o e no castigo do monstro.<\/a><\/p>\n<blockquote class=\"twitter-tweet\">\n<p lang=\"pt\" dir=\"ltr\">Samira conversa sobre Alberto Cowboy com Milena e diz: \ud83d\udcac &#8220;Eu acabei me sentindo meio malvada. Ele t\u00e1 no Pared\u00e3o, t\u00e1 de Monstro e eu fiquei provocando ele&#8230;&#8221; <a href=\"https:\/\/twitter.com\/hashtag\/BBB26?src=hash&amp;ref_src=twsrc%5Etfw\" rel=\"nofollow noopener\" target=\"_blank\">#BBB26<\/a> <a href=\"https:\/\/twitter.com\/hashtag\/RedeBBB?src=hash&amp;ref_src=twsrc%5Etfw\" rel=\"nofollow noopener\" target=\"_blank\">#RedeBBB<\/a> <a href=\"https:\/\/twitter.com\/hashtag\/FestaBBB?src=hash&amp;ref_src=twsrc%5Etfw\" rel=\"nofollow noopener\" target=\"_blank\">#FestaBBB<\/a> <a href=\"https:\/\/t.co\/xFa1BzwGIz\" rel=\"nofollow\">pic.twitter.com\/xFa1BzwGIz<\/a><\/p>\n<p>\u2014 Big Brother Brasil (@bbb) <a href=\"https:\/\/twitter.com\/bbb\/status\/2022905677383963102?ref_src=twsrc%5Etfw\" rel=\"nofollow noopener\" target=\"_blank\">February 15, 2026<\/a><\/p><\/blockquote>\n<p>&#8220;Voc\u00ea estava nervosa, com toda raz\u00e3o por ter sido eliminada, voc\u00ea estava forte para caramba. Valorizo isso demais. Eu n\u00e3o aguentei fazer o que voc\u00ea fez&#8221;, comentou o brother, ao se desculpar.<\/p>\n<blockquote class=\"blockquote border-accent not-italic\">\n<p>\n\t\t\tDurante a conversa, Cowboy tamb\u00e9m afirmou que Samira n\u00e3o \u00e9 sua prioridade de voto.\n\t\t<\/p>\n<\/blockquote>\n<p><strong>Rompimento de alian\u00e7a e ci\u00fames<\/strong><\/p>\n<p>A madrugada tamb\u00e9m foi marcada por movimenta\u00e7\u00f5es estrat\u00e9gicas. Em conversa com Juliano, Babu e Leandro Boneco, Marcelo admitiu que ele e Breno podem votar junto com os brothers caso a decis\u00e3o seja mirar em Marciele ou Maxiane \u2014 at\u00e9 ent\u00e3o, aliadas da dupla.<\/p>\n<p>&#8220;Se for para proteger a gente, vai&#8221;, disse Marcelo, acrescentando que as sisters &#8220;escolheram o lado delas&#8221;.<\/p>\n<blockquote class=\"twitter-tweet\">\n<p lang=\"pt\" dir=\"ltr\">\ud83d\udcacMarciele: &#8220;No dia que aconteceu o neg\u00f3cio do teu L\u00edder, nesse dia eu perdi a confian\u00e7a no Breno&#8221; <a href=\"https:\/\/twitter.com\/hashtag\/BBB26?src=hash&amp;ref_src=twsrc%5Etfw\" rel=\"nofollow noopener\" target=\"_blank\">#BBB26<\/a> <a href=\"https:\/\/twitter.com\/hashtag\/RedeBBB?src=hash&amp;ref_src=twsrc%5Etfw\" rel=\"nofollow noopener\" target=\"_blank\">#RedeBBB<\/a> <a href=\"https:\/\/twitter.com\/hashtag\/FestaBBB?src=hash&amp;ref_src=twsrc%5Etfw\" rel=\"nofollow noopener\" target=\"_blank\">#FestaBBB<\/a> <a href=\"https:\/\/t.co\/FwGuw69Wdx\" rel=\"nofollow\">pic.twitter.com\/FwGuw69Wdx<\/a><\/p>\n<p>\u2014 Big Brother Brasil (@bbb) <a href=\"https:\/\/twitter.com\/bbb\/status\/2022939459524989045?ref_src=twsrc%5Etfw\" rel=\"nofollow noopener\" target=\"_blank\">February 15, 2026<\/a><\/p><\/blockquote>\n<p>Do outro lado, Marciele e Maxiane demonstraram desconfian\u00e7a em rela\u00e7\u00e3o a Marcelo e Breno. Para Marciele, a rela\u00e7\u00e3o come\u00e7ou a ruir ainda na semana da lideran\u00e7a.<\/p>\n<blockquote class=\"blockquote border-accent not-italic\">\n<p>\n\t\t\t&#8220;Se a gente n\u00e3o tivesse feito o que fez&#8230; No dia que aconteceu o neg\u00f3cio do seu L\u00edder, nesse dia eu perdi a confian\u00e7a no Breno. Eu falei para ele, e a\u00ed foi s\u00f3 desmoronando&#8221;, come\u00e7ou.\n\t\t<\/p>\n<\/blockquote>\n<p>Ela tamb\u00e9m levantou a possibilidade de ci\u00fames na rela\u00e7\u00e3o. &#8220;\u00c0s vezes, ele ficou com ci\u00fames, porque eu acho que existe. Assim como eu n\u00e3o gosto quando ele est\u00e1 muito pr\u00f3ximo de Ana Paula, porque eu tenho embate com ela&#8221;, concluiu.<\/p>\n<p>A sister ainda apontou diferen\u00e7a no tratamento que recebe de Marcelo. &#8220;Ele tem mais dificuldade de me elogiar, me dar carinho&#8230;&#8221;, afirmou.<\/p>\n<p>Entre reconcilia\u00e7\u00f5es, arrependimentos e alian\u00e7as estremecidas, a festa mostrou que, no BBB 26, a pista de dan\u00e7a pode ser t\u00e3o intensa quanto o jogo.<\/p>\n<p>\u00a0<\/p>\n<p>\t\t\t\t\t<script async src=\"https:\/\/platform.twitter.com\/widgets.js\" charset=\"utf-8\"><\/script><\/p>\n","protected":false},"excerpt":{"rendered":"A noite de s\u00e1bado (15) no BBB 26 foi marcada por emo\u00e7\u00e3o dentro e fora do palco. A&hellip;\n","protected":false},"author":2,"featured_media":271143,"comment_status":"","ping_status":"","sticky":false,"template":"","format":"standard","meta":{"footnotes":"","_share_on_mastodon":"0"},"categories":[142],"tags":[2397,114,115,32,9883,33,110,151],"class_list":["post-271142","post","type-post","status-publish","format-standard","has-post-thumbnail","category-tv","tag-artes-cultura-e-entretenimento","tag-entertainment","tag-entretenimento","tag-portugal","tag-produtos","tag-pt","tag-tecnologia","tag-tv"],"share_on_mastodon":{"url":"https:\/\/pubeurope.com\/@pt\/116076054105751106","error":""},"_links":{"self":[{"href":"https:\/\/www.europesays.com\/pt\/wp-json\/wp\/v2\/posts\/271142","targetHints":{"allow":["GET"]}}],"collection":[{"href":"https:\/\/www.europesays.com\/pt\/wp-json\/wp\/v2\/posts"}],"about":[{"href":"https:\/\/www.europesays.com\/pt\/wp-json\/wp\/v2\/types\/post"}],"author":[{"embeddable":true,"href":"https:\/\/www.europesays.com\/pt\/wp-json\/wp\/v2\/users\/2"}],"replies":[{"embeddable":true,"href":"https:\/\/www.europesays.com\/pt\/wp-json\/wp\/v2\/comments?post=271142"}],"version-history":[{"count":0,"href":"https:\/\/www.europesays.com\/pt\/wp-json\/wp\/v2\/posts\/271142\/revisions"}],"wp:featuredmedia":[{"embeddable":true,"href":"https:\/\/www.europesays.com\/pt\/wp-json\/wp\/v2\/media\/271143"}],"wp:attachment":[{"href":"https:\/\/www.europesays.com\/pt\/wp-json\/wp\/v2\/media?parent=271142"}],"wp:term":[{"taxonomy":"category","embeddable":true,"href":"https:\/\/www.europesays.com\/pt\/wp-json\/wp\/v2\/categories?post=271142"},{"taxonomy":"post_tag","embeddable":true,"href":"https:\/\/www.europesays.com\/pt\/wp-json\/wp\/v2\/tags?post=271142"}],"curies":[{"name":"wp","href":"https:\/\/api.w.org\/{rel}","templated":true}]}}