{"id":271402,"date":"2026-02-15T22:34:12","date_gmt":"2026-02-15T22:34:12","guid":{"rendered":"https:\/\/www.europesays.com\/pt\/271402\/"},"modified":"2026-02-15T22:34:12","modified_gmt":"2026-02-15T22:34:12","slug":"mariana-rios-encanta-ao-mostrar-primeira-vez-do-filho-na-praia-te-apresentei-ao-mar","status":"publish","type":"post","link":"https:\/\/www.europesays.com\/pt\/271402\/","title":{"rendered":"Mariana Rios encanta ao mostrar primeira vez do filho na praia: &#8216;Te apresentei ao mar&#8217;"},"content":{"rendered":"<p><a href=\"https:\/\/caras.com.br\/tags\/mariana-rios\" target=\"_blank\" rel=\"noopener nofollow\"><strong>Mariana Rios<\/strong><\/a> encantou os seguidores das redes sociais ao mostrar a primeira vez de seu filho, <strong>Palo<\/strong>, de um m\u00eas, na praia. O menino \u00e9 fruto de seu relacionamento com o economista <strong>Juca Diniz<\/strong>.<\/p>\n<p>Nas imagens postadas no feed, a atriz e apresentadora aparece segurando o herdeiro no colo, enquanto mostra para ele o mar. Na legenda, a mam\u00e3e de primeira viagem confessou que n\u00e3o colocou os p\u00e9s dele na \u00e1gua. Al\u00e9m disso, ela fez uma reflex\u00e3o sobre as inseguran\u00e7as que sente em rela\u00e7\u00e3o \u00e0 maternidade.<\/p>\n<p>\u201cHoje eu te apresentei ao mar, meu filho. Mas ainda n\u00e3o deixei a \u00e1gua tocar teus p\u00e9s. Fiquei ali, na beira, com voc\u00ea no colo e o cora\u00e7\u00e3o dividido entre a imensid\u00e3o e o instinto de te proteger do mundo inteiro. O mar estava lindo, forte, infinito\u2026 e eu, pequena, aprendendo a ser m\u00e3e. Eu tenho medos. Tenho inseguran\u00e7as. Tenho essa vontade quase desesperada de te poupar de tudo que possa doer. E talvez eu v\u00e1 falhar nisso algumas vezes. Talvez eu falhe muitas. Mas se eu falhar, que seja sempre tentando acertar. Sempre pensando no que \u00e9 melhor pra voc\u00ea\u201d, iniciou.<\/p>\n<p>\u201cO mar me ensinou hoje que a vida n\u00e3o pede permiss\u00e3o. Ela avan\u00e7a, ela chama, ela convida. E eu entendi que n\u00e3o posso te criar longe das ondas, s\u00f3 posso te ensinar que elas existem, e que a gente aprende a atravessar. Segurei voc\u00ea e fiz um pedido em sil\u00eancio: Que quando chegarem as grandes ondas, eu caminhe ao seu lado. Que eu esteja com voc\u00ea na tormenta, e tamb\u00e9m nos dias de mar calmo. Que voc\u00ea nunca precise atravessar sozinho aquilo que a vida exigir de voc\u00ea. Pe\u00e7o a Deus que a gente pule muitas sete ondas juntos. Eu, voc\u00ea e seu pai\u201d, acrescentou.<\/p>\n<p>\u201cQue a gente celebre as vit\u00f3rias, honre os recome\u00e7os e siga de m\u00e3os dadas, mesmo quando o horizonte parecer grande demais. Te prometo meu filho amado, sempre estarei com voc\u00ea! Na beira, no mergulho, na volta pra areia. Agora entendo que ser m\u00e3e \u00e9 isso: amar tanto, mas tanto que a gente vira caminho! Mariana Rios\u201d, finalizou a artista.<\/p>\n<p><strong>Confira a publica\u00e7\u00e3o:<\/strong><\/p>\n<blockquote class=\"instagram-media\" style=\"background: #FFF; border: 0; border-radius: 3px; box-shadow: 0 0 1px 0 rgba(0,0,0,0.5),0 1px 10px 0 rgba(0,0,0,0.15); margin: 1px; max-width: 540px; min-width: 326px; padding: 0; width: calc(100% - 2px);\" data-instgrm-permalink=\"https:\/\/www.instagram.com\/p\/DUwMaesAV_q\/?utm_source=ig_embed&amp;utm_campaign=loading\" data-instgrm-version=\"14\"><\/blockquote>\n<p>  Mariana Rios revela se pretende mostrar o rostinho do filho <\/p>\n<p>A atriz e apresentadora Mariana Rios separou um tempo para conversar com os seguidores a respeito de diversos assuntos, incluindo a maternidade. A artista, que deu \u00e0 luz Palo em dezembro de 2025, tem compartilhado cada momento de sua nova fase de vida.<\/p>\n<p>Durante o bate-papo descontra\u00eddo, um internauta quis saber se Mariana pretende apresentar o beb\u00ea aos f\u00e3s. At\u00e9 o momento, a famosa publicou em suas redes sociais somente fotos que n\u00e3o mostram todo o rostinho do herdeiro. \u201cNo momento certo, afinal ele acabou de chegar! Temos que ter muita cautela ao expor nossas crian\u00e7as ainda mais nos dias de hoje! Amor e cuidado sempre\u201d, explicou. <a href=\"https:\/\/caras.com.br\/bebe\/mariana-rios-revela-se-pretende-mostrar-o-rostinho-do-filho-palo-temos-que.phtml\" target=\"_blank\" rel=\"noopener nofollow\"><strong>Saiba mais!<\/strong><\/a><\/p>\n<p><strong>Leia tamb\u00e9m:<\/strong> <a href=\"https:\/\/caras.com.br\/bebe\/mariana-rios-mostra-o-filho-ao-fazer-video-cantando-para-ele-e-impressiona-esta-enorme.phtml\" target=\"_blank\" rel=\"noopener nofollow\">Mariana Rios mostra o filho ao fazer v\u00eddeo cantando para ele e impressiona: \u2018Est\u00e1 enorme\u2019<\/a><\/p>\n<p>        <a href=\"https:\/\/caras.com.br\/autor\/daniela-santos\" rel=\"nofollow noopener\" target=\"_blank\">&#13;<br \/>\n          <img loading=\"lazy\" decoding=\"async\" alt=\"Daniela Santos\" src=\"https:\/\/www.europesays.com\/pt\/wp-content\/uploads\/2026\/02\/daniela-santos_sqmd.jpg\" class=\"avatar avatar-115 photo rounded-circle\" height=\"115\" width=\"115\"\/>        <\/a><\/p>\n<p><b>Daniela Santos<\/b> \u00e9 rep\u00f3rter do site CARAS. Formada em jornalismo pela FIAM FAAM, atua na \u00e1rea de celebridades e TV desde 2018<\/p>\n<p>\t                                            <script async src=\"\/\/www.instagram.com\/embed.js\"><\/script><\/p>\n","protected":false},"excerpt":{"rendered":"Mariana Rios encantou os seguidores das redes sociais ao mostrar a primeira vez de seu filho, Palo, de&hellip;\n","protected":false},"author":2,"featured_media":271403,"comment_status":"","ping_status":"","sticky":false,"template":"","format":"standard","meta":{"footnotes":"","_share_on_mastodon":"0"},"categories":[145],"tags":[211,210,114,115,3435,2211,15957,32,80,33],"class_list":["post-271402","post","type-post","status-publish","format-standard","has-post-thumbnail","category-celebridades","tag-celebridades","tag-celebrities","tag-entertainment","tag-entretenimento","tag-filho","tag-mariana-rios","tag-palo","tag-portugal","tag-praia","tag-pt"],"share_on_mastodon":{"url":"https:\/\/pubeurope.com\/@pt\/116077033071508465","error":""},"_links":{"self":[{"href":"https:\/\/www.europesays.com\/pt\/wp-json\/wp\/v2\/posts\/271402","targetHints":{"allow":["GET"]}}],"collection":[{"href":"https:\/\/www.europesays.com\/pt\/wp-json\/wp\/v2\/posts"}],"about":[{"href":"https:\/\/www.europesays.com\/pt\/wp-json\/wp\/v2\/types\/post"}],"author":[{"embeddable":true,"href":"https:\/\/www.europesays.com\/pt\/wp-json\/wp\/v2\/users\/2"}],"replies":[{"embeddable":true,"href":"https:\/\/www.europesays.com\/pt\/wp-json\/wp\/v2\/comments?post=271402"}],"version-history":[{"count":0,"href":"https:\/\/www.europesays.com\/pt\/wp-json\/wp\/v2\/posts\/271402\/revisions"}],"wp:featuredmedia":[{"embeddable":true,"href":"https:\/\/www.europesays.com\/pt\/wp-json\/wp\/v2\/media\/271403"}],"wp:attachment":[{"href":"https:\/\/www.europesays.com\/pt\/wp-json\/wp\/v2\/media?parent=271402"}],"wp:term":[{"taxonomy":"category","embeddable":true,"href":"https:\/\/www.europesays.com\/pt\/wp-json\/wp\/v2\/categories?post=271402"},{"taxonomy":"post_tag","embeddable":true,"href":"https:\/\/www.europesays.com\/pt\/wp-json\/wp\/v2\/tags?post=271402"}],"curies":[{"name":"wp","href":"https:\/\/api.w.org\/{rel}","templated":true}]}}