{"id":27163,"date":"2025-08-13T05:39:12","date_gmt":"2025-08-13T05:39:12","guid":{"rendered":"https:\/\/www.europesays.com\/pt\/27163\/"},"modified":"2025-08-13T05:39:12","modified_gmt":"2025-08-13T05:39:12","slug":"ana-maria-braga-revela-luta-contra-um-vicio-dificil-parar","status":"publish","type":"post","link":"https:\/\/www.europesays.com\/pt\/27163\/","title":{"rendered":"Ana Maria Braga revela luta contra um v\u00edcio: &#8220;Dif\u00edcil parar&#8221;"},"content":{"rendered":"<p><a href=\"https:\/\/natelinha.uol.com.br\/famosos\/tudo-sobre\/ana-maria-braga\" rel=\"nofollow noopener\" target=\"_blank\">Ana Maria Braga<\/a> fez um desabafo no Mais Voc\u00ea desta ter\u00e7a-feira (12), na Globo. A apresentadora de 76 anos revelou uma luta pessoal que travou no passado para largar o cigarro. &#8220;Eu fumei durante anos, e \u00e9 um v\u00edcio dif\u00edcil de parar&#8221;, disse a veterana.<\/p>\n<p>No Mais Voc\u00ea, Ana Maria Braga comentava com <a href=\"https:\/\/natelinha.uol.com.br\/famosos\/tudo-sobre\/gil-do-vigor\" rel=\"nofollow noopener\" target=\"_blank\">Gil do Vigor<\/a> os rumos da personagem <a href=\"https:\/\/natelinha.uol.com.br\/novelas\/vale-tudo\/personagem\/heleninha\" rel=\"nofollow noopener\" target=\"_blank\">Heleninha<\/a>, de <a href=\"https:\/\/natelinha.uol.com.br\/famosos\/tudo-sobre\/paolla-oliveira\" rel=\"nofollow noopener\" target=\"_blank\">Paolla Oliveira<\/a>, que luta contra o alcoolismo na novela <a href=\"https:\/\/natelinha.uol.com.br\/novelas\/vale-tudo\" rel=\"nofollow noopener\" target=\"_blank\">Vale Tudo<\/a>, exibida \u00e0s 21h. O assunto fez a apresentadora abriu sua intimidade.<\/p>\n<p>+ <a href=\"https:\/\/natelinha.uol.com.br\/famosos\/2025\/08\/12\/lembra-dele-ator-mirim-de-terra-nostra-e-par-de-grazi-massafera-em-nova-novela-229797.php\" rel=\"nofollow noopener\" target=\"_blank\">Lembra dele? Ator mirim de Terra Nostra \u00e9 par de Grazi Massafera em nova novela<\/a><\/p>\n<p>continua depois da publicidade<\/p>\n<p>&#8220;Enquanto voc\u00ea n\u00e3o quer, n\u00e3o adianta as pessoas falarem. Voc\u00ea tem consci\u00eancia de que faz mal, ela [Heleninha] tem consci\u00eancia, como os fumantes t\u00eam consci\u00eancia. Ningu\u00e9m \u00e9 burro de botar aquele monte de fuma\u00e7a cheia de coisa ruim pro organismo e n\u00e3o saber que est\u00e1 fazendo mal&#8221;, avaliou.<\/p>\n<p>+ <a href=\"https:\/\/natelinha.uol.com.br\/novelas\/2025\/08\/12\/trilha-internacional-de-a-viagem-estabeleceu-recorde-na-globo-ouca-229788.php\" rel=\"nofollow noopener\" target=\"_blank\">Trilha internacional de A Viagem estabeleceu recorde na Globo; ou\u00e7a<\/a><\/p>\n<p>Ana Maria Braga considerou a depend\u00eancia do cigarro como &#8220;mais forte&#8221; e revelou qual foi sua motiva\u00e7\u00e3o para deixar o v\u00edcio de vez.<\/p>\n<blockquote>\n<p class=\"cit\">&#8220;Voc\u00ea precisa primeiro se conscientizar aqui [na cabe\u00e7a], falar &#8216;Eu quero parar por alguma raz\u00e3o&#8217;, e a minha raz\u00e3o foi viver. Ent\u00e3o, eu quero viver ou morrer daqui para amanh\u00e3 fumando como uma desesperada? E a\u00ed voc\u00ea tem que ter for\u00e7a de vontade.\u201d<\/p>\n<p>Ana Maria Braga<\/p><\/blockquote>\n","protected":false},"excerpt":{"rendered":"Ana Maria Braga fez um desabafo no Mais Voc\u00ea desta ter\u00e7a-feira (12), na Globo. A apresentadora de 76&hellip;\n","protected":false},"author":2,"featured_media":27164,"comment_status":"","ping_status":"","sticky":false,"template":"","format":"standard","meta":{"footnotes":""},"categories":[145],"tags":[752,211,210,114,115,753,1232,32,33],"class_list":{"0":"post-27163","1":"post","2":"type-post","3":"status-publish","4":"format-standard","5":"has-post-thumbnail","7":"category-celebridades","8":"tag-ana-maria-braga","9":"tag-celebridades","10":"tag-celebrities","11":"tag-entertainment","12":"tag-entretenimento","13":"tag-globo","14":"tag-mais-voce","15":"tag-portugal","16":"tag-pt"},"share_on_mastodon":{"url":"","error":""},"_links":{"self":[{"href":"https:\/\/www.europesays.com\/pt\/wp-json\/wp\/v2\/posts\/27163","targetHints":{"allow":["GET"]}}],"collection":[{"href":"https:\/\/www.europesays.com\/pt\/wp-json\/wp\/v2\/posts"}],"about":[{"href":"https:\/\/www.europesays.com\/pt\/wp-json\/wp\/v2\/types\/post"}],"author":[{"embeddable":true,"href":"https:\/\/www.europesays.com\/pt\/wp-json\/wp\/v2\/users\/2"}],"replies":[{"embeddable":true,"href":"https:\/\/www.europesays.com\/pt\/wp-json\/wp\/v2\/comments?post=27163"}],"version-history":[{"count":0,"href":"https:\/\/www.europesays.com\/pt\/wp-json\/wp\/v2\/posts\/27163\/revisions"}],"wp:featuredmedia":[{"embeddable":true,"href":"https:\/\/www.europesays.com\/pt\/wp-json\/wp\/v2\/media\/27164"}],"wp:attachment":[{"href":"https:\/\/www.europesays.com\/pt\/wp-json\/wp\/v2\/media?parent=27163"}],"wp:term":[{"taxonomy":"category","embeddable":true,"href":"https:\/\/www.europesays.com\/pt\/wp-json\/wp\/v2\/categories?post=27163"},{"taxonomy":"post_tag","embeddable":true,"href":"https:\/\/www.europesays.com\/pt\/wp-json\/wp\/v2\/tags?post=27163"}],"curies":[{"name":"wp","href":"https:\/\/api.w.org\/{rel}","templated":true}]}}