{"id":27179,"date":"2025-08-13T06:14:11","date_gmt":"2025-08-13T06:14:11","guid":{"rendered":"https:\/\/www.europesays.com\/pt\/27179\/"},"modified":"2025-08-13T06:14:11","modified_gmt":"2025-08-13T06:14:11","slug":"vigilancia-sanitaria-instala-armadilhas-para-captura-de-ovos-do-aedes-aegypti","status":"publish","type":"post","link":"https:\/\/www.europesays.com\/pt\/27179\/","title":{"rendered":"Vigil\u00e2ncia Sanit\u00e1ria instala armadilhas para captura de ovos do Aedes aegypti"},"content":{"rendered":"<p>A Vigil\u00e2ncia Sanit\u00e1ria de Avar\u00e9 iniciou em agosto uma a\u00e7\u00e3o in\u00e9dita no munic\u00edpio para o controle do Aedes aegypti, mosquito transmissor da dengue, zika e chikungunya.<\/p>\n<p>A atividade consiste na instala\u00e7\u00e3o de armadilhas para coleta de ovos do mosquito.<\/p>\n<p>Os artefatos confeccionados por agentes do controle de vetores, conforme normas do Minist\u00e9rio da Sa\u00fade, s\u00e3o instalados nos quintais das resid\u00eancias ap\u00f3s autoriza\u00e7\u00e3o dos propriet\u00e1rios dos im\u00f3veis.<\/p>\n<p><strong>Como funciona<\/strong><\/p>\n<p>A Vigil\u00e2ncia Sanit\u00e1ria j\u00e1 instalou at\u00e9 o momento 85 armadilhas, que t\u00eam um chamariz para o Aedes aegypti.<\/p>\n<p>A cada cinco dias, o material depositado pelo mosquito \u00e9 coletado pelos agentes, permitindo o controle populacional e o monitoramento do mosquito.<\/p>\n<p>Al\u00e9m do controle populacional, o trabalho vai permitir uma avalia\u00e7\u00e3o mais aprofundada por meio do Levantamento R\u00e1pido de \u00cdndices para Aedes aegypti, o LIRAa, um m\u00e9todo nacional que permite uma compreens\u00e3o abrangente da distribui\u00e7\u00e3o do vetor.<\/p>\n<p>\u201cIsso permite o melhor direcionamento de a\u00e7\u00f5es na defesa da sa\u00fade p\u00fablica\u201d, destaca o \u00f3rg\u00e3o ligado \u00e0 Secretaria Municipal da Sa\u00fade.<\/p>\n<p><strong>Etapas<\/strong><\/p>\n<p>A cidade foi dividida por \u00e1reas e o projeto \u00e9 realizado por etapas. As armadilhas ficam de 15 a 20 dias em cada resid\u00eancia.<\/p>\n<p>No momento, o projeto se concentra na regi\u00e3o do Jardim Europa, Bairro Alto, centro, Jardim S\u00e3o Paulo, Brab\u00e2ncia, Jurumirim, Vila Oper\u00e1ria e Terras de S\u00e3o Jos\u00e9.<\/p>\n<p>O cronograma da Vigil\u00e2ncia Sanit\u00e1ria prev\u00ea cobrir toda a cidade at\u00e9 setembro.<\/p>\n<p>A a\u00e7\u00e3o, contudo, j\u00e1 vem gerando impactos positivos imediatos. \u201cA quantidade de mosquitos tende a diminuir nas \u00e1reas em que as armadilhas s\u00e3o instaladas\u201d, destaca a Vigil\u00e2ncia Sanit\u00e1ria.<\/p>\n<p><strong>Colabora\u00e7\u00e3o da popula\u00e7\u00e3o<\/strong><\/p>\n<p>A Prefeitura de Avar\u00e9 conta com a colabora\u00e7\u00e3o da popula\u00e7\u00e3o por meio de a\u00e7\u00f5es permanentes de combate ao mosquito.<\/p>\n<p>Para manter as casas e quintais livres de criadouros, \u00e9 fundamental n\u00e3o deixar \u00e1gua acumulada em pratinhos de plantas, pneus, garrafas e materiais recicl\u00e1veis, entre outros locais.<\/p>\n<p>\u201cA armadilha \u00e9 mais uma ferramenta. Sem a ajuda da popula\u00e7\u00e3o na redu\u00e7\u00e3o de criadouros, contudo, continuaremos com alta infesta\u00e7\u00e3o de mosquitos\u201d, destaca a Secretaria Municipal da Sa\u00fade.<\/p>\n","protected":false},"excerpt":{"rendered":"A Vigil\u00e2ncia Sanit\u00e1ria de Avar\u00e9 iniciou em agosto uma a\u00e7\u00e3o in\u00e9dita no munic\u00edpio para o controle do Aedes&hellip;\n","protected":false},"author":2,"featured_media":27180,"comment_status":"","ping_status":"","sticky":false,"template":"","format":"standard","meta":{"footnotes":""},"categories":[86],"tags":[9301,9320,9310,9314,9316,9304,9308,9302,9309,116,9311,9317,9307,9318,9306,9305,9312,32,9313,9321,5247,33,9319,9303,117,9315,1456],"class_list":{"0":"post-27179","1":"post","2":"type-post","3":"status-publish","4":"format-standard","5":"has-post-thumbnail","7":"category-saude","8":"tag-avare","9":"tag-camping-avare","10":"tag-cep-de-avare","11":"tag-conhca-acustica-de-avare","12":"tag-cristo-avare","13":"tag-djarina-mota","14":"tag-emapa","15":"tag-estancia-turistica-de-avare","16":"tag-fampop","17":"tag-health","18":"tag-horto-florestal-avare","19":"tag-manoel-rodrigues-avare","20":"tag-novaes","21":"tag-osastur-avare","22":"tag-paulo","23":"tag-poio-novaes","24":"tag-pontos-turisticos-de-avare","25":"tag-portugal","26":"tag-praca-da-caic-avare","27":"tag-prefeito-avare","28":"tag-prefeitura-municipal","29":"tag-pt","30":"tag-represa-de-avare","31":"tag-represa-jurumirim","32":"tag-saude","33":"tag-sp-255","34":"tag-turismo"},"share_on_mastodon":{"url":"","error":""},"_links":{"self":[{"href":"https:\/\/www.europesays.com\/pt\/wp-json\/wp\/v2\/posts\/27179","targetHints":{"allow":["GET"]}}],"collection":[{"href":"https:\/\/www.europesays.com\/pt\/wp-json\/wp\/v2\/posts"}],"about":[{"href":"https:\/\/www.europesays.com\/pt\/wp-json\/wp\/v2\/types\/post"}],"author":[{"embeddable":true,"href":"https:\/\/www.europesays.com\/pt\/wp-json\/wp\/v2\/users\/2"}],"replies":[{"embeddable":true,"href":"https:\/\/www.europesays.com\/pt\/wp-json\/wp\/v2\/comments?post=27179"}],"version-history":[{"count":0,"href":"https:\/\/www.europesays.com\/pt\/wp-json\/wp\/v2\/posts\/27179\/revisions"}],"wp:featuredmedia":[{"embeddable":true,"href":"https:\/\/www.europesays.com\/pt\/wp-json\/wp\/v2\/media\/27180"}],"wp:attachment":[{"href":"https:\/\/www.europesays.com\/pt\/wp-json\/wp\/v2\/media?parent=27179"}],"wp:term":[{"taxonomy":"category","embeddable":true,"href":"https:\/\/www.europesays.com\/pt\/wp-json\/wp\/v2\/categories?post=27179"},{"taxonomy":"post_tag","embeddable":true,"href":"https:\/\/www.europesays.com\/pt\/wp-json\/wp\/v2\/tags?post=27179"}],"curies":[{"name":"wp","href":"https:\/\/api.w.org\/{rel}","templated":true}]}}