{"id":27195,"date":"2025-08-13T06:53:46","date_gmt":"2025-08-13T06:53:46","guid":{"rendered":"https:\/\/www.europesays.com\/pt\/27195\/"},"modified":"2025-08-13T06:53:46","modified_gmt":"2025-08-13T06:53:46","slug":"a-historia-do-unico-e-mais-odiado-arranha-ceu-de-paris-acaba-de-ganhar-um-novo-capitulo","status":"publish","type":"post","link":"https:\/\/www.europesays.com\/pt\/27195\/","title":{"rendered":"A hist\u00f3ria do \u00fanico (e mais odiado) arranha-c\u00e9u de Paris acaba de ganhar um novo cap\u00edtulo"},"content":{"rendered":"<p>Os quase 50 milh\u00f5es de turistas que Paris recebe todo ano s\u00e3o a prova de que a cidade mais visitada do mundo tamb\u00e9m tem uma das <strong>arquiteturas <\/strong>mais bonitas entre as grandes metr\u00f3poles globais.<\/p>\n<p>CONTINUA DEPOIS DA PUBLICIDADE<\/p>\n<p>CONTINUA DEPOIS DA PUBLICIDADE<\/p>\n<p>O visual da <a href=\"https:\/\/www.seudinheiro.com\/2025\/lifestyle\/quanto-custa-comer-a-comida-de-aviao-estrelada-da-air-france-em-paris-edvl\" rel=\"nofollow noopener\" target=\"_blank\">capital francesa<\/a> permanece praticamente intocado desde a grande reforma urbana do s\u00e9culo 19, quando Paris adotou o <strong>estilo haussmanniano<\/strong>,<strong> <\/strong>com avenidas arborizadas largas e edif\u00edcios de feitos em pedra bege claro, com fachadas padronizadas cheias de adornos.<\/p>\n<p>O resultado \u00e9 uma apar\u00eancia homog\u00eanea que ainda define Paris e a torn\u00e1 facilmente identific\u00e1vel. Existe, por\u00e9m, um \u201cestranho no ninho\u201d. O <strong>Edif\u00edcio Montparnasse<\/strong>, pr\u00e9dio mais emblem\u00e1tico da cidade, \u00e9 um espig\u00e3o de a\u00e7o de <strong>210 metros de altura<\/strong> que desagrada por sua apar\u00eancia \u201cagressiva\u201d e destoante quando comparado \u00e0s outras constru\u00e7\u00f5es.<\/p>\n<p><img loading=\"lazy\" decoding=\"async\" width=\"902\" height=\"387\" src=\"https:\/\/media.seudinheiro.com\/uploads\/2025\/08\/iStock-2196347670.jpg\" alt=\"Tour Montparnasse\" class=\"wp-image-665809\"  \/>Tour Montparnasse<\/p>\n<p>J\u00e1 faz d\u00e9cadas que os parisienses reclamam do pr\u00e9dio, que destaca-se por suas janelas pretas foscas, um paradigma da arquitetura moderna e brutalista. Em 2017, um cons\u00f3rcio de escrit\u00f3rios de arquitetura venceu um concurso para reformar o lugar, mas nada saiu do papel.<\/p>\n<p>No m\u00eas passado, por\u00e9m, a pol\u00eamica hist\u00f3ria ganhou mais um cap\u00edtulo. O conselho municipal de Paris aprovou um acordo para finalmente relan\u00e7ar a <strong>reforma do Montparnasse<\/strong>. A previs\u00e3o inicial \u00e9 de que os trabalhos come\u00e7ar\u00e3o at\u00e9 o final do pr\u00f3ximo ano.<\/p>\n<p>CONTINUA DEPOIS DA PUBLICIDADE<\/p>\n<p>CONTINUA DEPOIS DA PUBLICIDADE<\/p>\n<p><strong>Por que esse \u00e9 considerado o pr\u00e9dio mais feio de Paris?<\/strong><\/p>\n<p>Os locais torcem o nariz para a Torre Montparnasse porque o pr\u00e9dio simplesmente n\u00e3o se \u201cencaixa\u201d no horizonte compartilhado com a <strong>Torre Eiffel<\/strong>, o <strong>Pante\u00e3o<\/strong>, a <strong>Catedral de Notre-Dame<\/strong> e outros in\u00fameros \u00edcones arquitet\u00f4nicos.<\/p>\n<p>O principal motivo dessa inadequa\u00e7\u00e3o \u00e9 a altura. Na Paris intramuros, somente a Torre Eiffel, que tem 330 metros da base ao topo, supera o edif\u00edcio Montparnasse em altura.<\/p>\n<p><img loading=\"lazy\" decoding=\"async\" width=\"483\" height=\"724\" src=\"https:\/\/media.seudinheiro.com\/uploads\/2025\/08\/iStock-2189995820.jpg\" alt=\"Edif\u00edcio Montparnasse\" class=\"wp-image-665808\"  \/>Edif\u00edcio Montparnasse<\/p>\n<p>Logo ap\u00f3s o arranha-c\u00e9u ter sido erguido, em 1973, ele foi apelidado de a \u201ccicatriz\u201d de Paris. Quatro anos depois, a cidade proibiu novos pr\u00e9dios com mais de 6 andares e 37 metros de altura, a fim de garantir a harmonia visual que \u00e9 t\u00e3o importante para os parisienses.<\/p>\n<p>O desgosto pelo Montparnasse n\u00e3o \u00e9 exclusivo. Os habitantes de Paris s\u00e3o historicamente conhecidos por se oporem a grandes mudan\u00e7as na cidade. A Torre Eiffel, constru\u00edda em 1889 para a Expo Paris, tamb\u00e9m foi recebida com cr\u00edticas. O mesmo aconteceu na d\u00e9cada de 1980, quando o <strong>Museu do Louvre<\/strong> instalou suas famosas pir\u00e2mides de vidro, acusadas de serem \u201cradicais\u201d naquela \u00e9poca.<\/p>\n<p>CONTINUA DEPOIS DA PUBLICIDADE<\/p>\n<p>CONTINUA DEPOIS DA PUBLICIDADE<\/p>\n<p><img loading=\"lazy\" decoding=\"async\" width=\"724\" height=\"483\" src=\"https:\/\/media.seudinheiro.com\/uploads\/2025\/08\/iStock-2227987067.jpg\" alt=\"Tour Montparnasse, Paris\" class=\"wp-image-665810\"  \/>Tour Montparnasse, Paris<\/p>\n<p><strong>Como vai ser a reforma do \u00fanico arranha-c\u00e9u de Paris?<\/strong><\/p>\n<p>Com 59 andares de escrit\u00f3rios que j\u00e1 acolheram executivos e gabinetes pol\u00edticos, incluindo o do presidente <strong>Emmanuel Macron<\/strong>, a reforma do Montparnasse acontecer\u00e1 em todos os pisos \u2013 especialmente na parte de fora do edif\u00edcio, uma \u201cmaquiagem\u201d esperada h\u00e1 d\u00e9cadas.<\/p>\n<p>O escrit\u00f3rio de arquitetura respons\u00e1vel \u00e9 o <strong>Nouvelle AOM<\/strong>, que promete transformar a torre em um \u201c\u00edcone da revolu\u00e7\u00e3o energ\u00e9tica\u201d. Para isso, as 7.200 janelas opacas escuras ser\u00e3o trocadas por vidra\u00e7as claras e transparentes, melhorando o visual da torre, mas tamb\u00e9m ajudando a poupar energia devido \u00e0 economia no uso de ar condicionado.<\/p>\n<p><img loading=\"lazy\" decoding=\"async\" width=\"1600\" height=\"900\" src=\"https:\/\/media.seudinheiro.com\/uploads\/2025\/08\/tour-montparnasse-nouvelle-aom-dezeen-2364-col-2.jpg\" alt=\"Projeto de reforma da torre\" class=\"wp-image-665813\"  \/>Projeto de reforma da torre<\/p>\n<p>Outra mudan\u00e7a \u00e9 que o pr\u00e9dio ganhar\u00e1 novos espa\u00e7os de uso, como hot\u00e9is, restaurantes e lojas. O novo centro comercial tem como objetivo atrair os parisienses que t\u00eam virado as costas para a torre h\u00e1 pelo menos 50 anos.<\/p>\n<p>Em vez do famoso observat\u00f3rio no topo do pr\u00e9dio, que tem uma das vistas mais bonitas de Paris por 24 euros (cerca de R$ 150 na cota\u00e7\u00e3o atual), a reforma trar\u00e1 uma imensa estufa verde, com diversos tipos de plantas e \u00e1rvores \u2013 espa\u00e7o tamb\u00e9m aberto \u00e0 visita\u00e7\u00e3o.<\/p>\n<p>CONTINUA DEPOIS DA PUBLICIDADE<\/p>\n<p>CONTINUA DEPOIS DA PUBLICIDADE<\/p>\n<p><img loading=\"lazy\" decoding=\"async\" width=\"1600\" height=\"2286\" src=\"https:\/\/media.seudinheiro.com\/uploads\/2025\/08\/tour-montparnasse-nouvelle-aom-dezeen-2364-col-1.jpg\" alt=\"Projeto de reforma da torre\" class=\"wp-image-665811\"  \/>Projeto de reforma da torre<\/p>\n<p><strong>Pr\u00e9dios altos est\u00e3o fora de moda na Europa?<\/strong><\/p>\n<p>Se para muitos pa\u00edses os arranha-c\u00e9us s\u00e3o sin\u00f4nimo de modernidade e ao progresso, na Europa, eles n\u00e3o fazem tanto sucesso.<\/p>\n<p>De acordo com o<a href=\"https:\/\/www.skyscrapercenter.com\/buildings\" rel=\"nofollow noopener\" target=\"_blank\"> Tall Buildings and Urban Habitat<\/a>, uma associa\u00e7\u00e3o independente dos Estados Unidos que define os pr\u00e9dios mais altos do mundo, a preval\u00eancia de torres quilom\u00e9tricas no mundo se concentra nos Estados Unidos, em alguns reinos do Oriente M\u00e9dio e em pa\u00edses asi\u00e1ticos como China e Jap\u00e3o.<\/p>\n<p>Por outro lado, a Europa demonstra certa avers\u00e3o em rela\u00e7\u00e3o \u00e0 verticaliza\u00e7\u00e3o extrema. Apenas sete dos mil edif\u00edcios mais altos do planeta ficam na Uni\u00e3o Europeia. J\u00e1 na lista dos 100 mais altos, os exemplares europeus v\u00eam da R\u00fassia e Turquia.<\/p>\n<p>A presen\u00e7a de in\u00fameros monumentos hist\u00f3ricos \u00e9 um dos motivos que fez a Europa n\u00e3o ter adotado uma arquitetura t\u00e3o verticalizada. O velho continente \u00e9 conhecido por preservar sua arquitetura secular, e n\u00e3o faria sentido \u201cesconder\u201d o Pante\u00e3o de Roma ou a Acr\u00f3pole de Atenas atr\u00e1s de pr\u00e9dios espelhados.<\/p>\n<p>CONTINUA DEPOIS DA PUBLICIDADE<\/p>\n<p>CONTINUA DEPOIS DA PUBLICIDADE<\/p>\n<p>A legisla\u00e7\u00e3o europeia tamb\u00e9m \u00e9 bem r\u00edgida em rela\u00e7\u00e3o \u00e0 verticaliza\u00e7\u00e3o. Mesmo em Londres, uma das metr\u00f3poles mais modernas do mundo, repleta de pr\u00e9dios alt\u00edssimos, existem leis que pro\u00edbem a constru\u00e7\u00e3o de edif\u00edcios que prejudiquem a vis\u00e3o de seus monumentos mais famosos.<\/p>\n<p>CONTINUA DEPOIS DA PUBLICIDADE<\/p>\n<p>CONTINUA DEPOIS DA PUBLICIDADE<\/p>\n","protected":false},"excerpt":{"rendered":"Os quase 50 milh\u00f5es de turistas que Paris recebe todo ano s\u00e3o a prova de que a cidade&hellip;\n","protected":false},"author":2,"featured_media":27196,"comment_status":"","ping_status":"","sticky":false,"template":"","format":"standard","meta":{"footnotes":""},"categories":[144],"tags":[304,207,205,206,203,201,202,5845,204,114,115,445,208,32,33,636],"class_list":{"0":"post-27195","1":"post","2":"type-post","3":"status-publish","4":"format-standard","5":"has-post-thumbnail","7":"category-arte-e-design","8":"tag-arquitetura","9":"tag-arte","10":"tag-arte-e-design","11":"tag-artedesign","12":"tag-arts","13":"tag-arts-and-design","14":"tag-artsanddesign","15":"tag-canal-whatsapp","16":"tag-design","17":"tag-entertainment","18":"tag-entretenimento","19":"tag-europa","20":"tag-franca","21":"tag-portugal","22":"tag-pt","23":"tag-uniao-europeia"},"share_on_mastodon":{"url":"","error":""},"_links":{"self":[{"href":"https:\/\/www.europesays.com\/pt\/wp-json\/wp\/v2\/posts\/27195","targetHints":{"allow":["GET"]}}],"collection":[{"href":"https:\/\/www.europesays.com\/pt\/wp-json\/wp\/v2\/posts"}],"about":[{"href":"https:\/\/www.europesays.com\/pt\/wp-json\/wp\/v2\/types\/post"}],"author":[{"embeddable":true,"href":"https:\/\/www.europesays.com\/pt\/wp-json\/wp\/v2\/users\/2"}],"replies":[{"embeddable":true,"href":"https:\/\/www.europesays.com\/pt\/wp-json\/wp\/v2\/comments?post=27195"}],"version-history":[{"count":0,"href":"https:\/\/www.europesays.com\/pt\/wp-json\/wp\/v2\/posts\/27195\/revisions"}],"wp:featuredmedia":[{"embeddable":true,"href":"https:\/\/www.europesays.com\/pt\/wp-json\/wp\/v2\/media\/27196"}],"wp:attachment":[{"href":"https:\/\/www.europesays.com\/pt\/wp-json\/wp\/v2\/media?parent=27195"}],"wp:term":[{"taxonomy":"category","embeddable":true,"href":"https:\/\/www.europesays.com\/pt\/wp-json\/wp\/v2\/categories?post=27195"},{"taxonomy":"post_tag","embeddable":true,"href":"https:\/\/www.europesays.com\/pt\/wp-json\/wp\/v2\/tags?post=27195"}],"curies":[{"name":"wp","href":"https:\/\/api.w.org\/{rel}","templated":true}]}}