{"id":27222,"date":"2025-08-13T07:45:04","date_gmt":"2025-08-13T07:45:04","guid":{"rendered":"https:\/\/www.europesays.com\/pt\/27222\/"},"modified":"2025-08-13T07:45:04","modified_gmt":"2025-08-13T07:45:04","slug":"ucrania-criou-tatica-inovadora-para-proteger-os-seus-f-16-dos-misseis-russos-e-o-ocidente-esta-a-tirar-notas","status":"publish","type":"post","link":"https:\/\/www.europesays.com\/pt\/27222\/","title":{"rendered":"Ucr\u00e2nia criou t\u00e1tica inovadora para proteger os seus F-16 dos m\u00edsseis russos e o Ocidente est\u00e1 a tirar notas"},"content":{"rendered":"<p>\t                A For\u00e7a A\u00e9rea ucraniana criou uma solu\u00e7\u00e3o que est\u00e1 a mudar o jogo na guerra a\u00e9rea e a contrariar as t\u00e1ticas do Kremlin<\/p>\n<p style=\"text-align:justify; margin-bottom:11px\">A dist\u00e2ncia n\u00e3o importa. Os m\u00edsseis bal\u00edsticos e os drones de grandes dimens\u00f5es russos colocam qualquer alvo no interior da Ucr\u00e2nia ao alcance dos ataques de Moscovo. A lista de alvos \u00e9 numerosa, mas poucos chamam tanta \u00e0 aten\u00e7\u00e3o das For\u00e7as Armadas russas como os ca\u00e7as F-16 enviados para a Ucr\u00e2nia por v\u00e1rios pa\u00edses ocidentais. Esta realidade torna os aer\u00f3dromos ucranianos um alvo demasiado perigoso para manter as aeronaves a salvo. Por isso, a Ucr\u00e2nia criou uma solu\u00e7\u00e3o inovadora, que est\u00e1 a deixar o Kremlin \u00e0s cegas, e que pode servir de inspira\u00e7\u00e3o para os pa\u00edses da NATO, cujas for\u00e7as a\u00e9reas t\u00eam &#8220;modelos ultrapassados&#8221; para a guerra moderna.<\/p>\n<p>Constantemente na mira das For\u00e7as Armadas russas, a frota de ca\u00e7as F-16 ucraniana encontrou um m\u00e9todo inovador para escapar aos ataques de m\u00edsseis bal\u00edsticos russos. A For\u00e7a A\u00e9rea ucraniana deitou fora a ideia de utilizar os seus aer\u00f3dromos como o centro de opera\u00e7\u00f5es, por onde passa toda a log\u00edstica e onde pilotos e aeronaves aguardam e operam novas miss\u00f5es. Em vez disso, os militares ucranianos decidiram &#8220;dispersar&#8221; e criar um &#8220;complexo m\u00f3vel&#8221; que permite descentralizar opera\u00e7\u00f5es e operar praticamente em qualquer lado, o que dificulta significativamente a vida a quem tem como fun\u00e7\u00e3o &#8220;ca\u00e7ar&#8221; os avi\u00f5es ocidentais.<\/p>\n<p>Cada F-16 ucraniano \u00e9 agora acompanhado por uma frota de v\u00e1rios ve\u00edculos criados para\u00a0dar todo o apoio necess\u00e1rio a estas aeronaves e \u00e0s pessoas que as operam, em qualquer lugar, mesmo em caso de aterragem de emerg\u00eancia num local remoto. Criado pela funda\u00e7\u00e3o Come Back Alive, a maior associa\u00e7\u00e3o de volunt\u00e1rios ucranianos, o complexo inclui um cami\u00e3o com uma oficina para prepara\u00e7\u00e3o e para o teste do armamento, duas carrinhas equipadas com uma grua, capazes de equipar as muni\u00e7\u00f5es no avi\u00e3o, bem como carrinhas pickup, para cada uma das equipas de mec\u00e2nicos.\u00a0<\/p>\n<p> <img loading=\"lazy\" decoding=\"async\" alt=\"\" height=\"338\" src=\"https:\/\/www.europesays.com\/pt\/wp-content\/uploads\/2025\/08\/6894a929d34e3f0baea16381.webp\" width=\"600\"\/> <\/p>\n<p>   Cami\u00e3o de transporte de muni\u00e7\u00f5es equipado com uma grua, capaz de rearmar um ca\u00e7a F-16. (Funda\u00e7\u00e3o Come Back Alive) <\/p>\n<p>Este sistema inclui um m\u00f3dulo de comando com esta\u00e7\u00e3o de trabalho com capacidade at\u00e9 sete operadores, que apoiam a miss\u00e3o de voo dos F-16. Este ve\u00edculo permite que os briefings pr\u00e9-voo sejam feitos no seu interior. Outro dos ve\u00edculos \u00e9 composto por um m\u00f3dulo residencial, onde os membros da equipa podem descansar durante longas desloca\u00e7\u00f5es. Isto permite \u00e0s aeronaves levantar voo e aterrar em localiza\u00e7\u00f5es que n\u00e3o est\u00e3o a ser vigiadas pelas for\u00e7as russas.<\/p>\n<p>&#8220;Aqui resolvemos duas tarefas: a primeira \u00e9 um posto de comando m\u00f3vel para planeamento de miss\u00f5es; a segunda \u00e9 a prepara\u00e7\u00e3o para o uso de armas de avia\u00e7\u00e3o. As aeronaves recebidas pela Ucr\u00e2nia surgiram e existiram num ecossistema fechado. N\u00e3o foram utilizadas da forma como as utilizamos. As nossas operam em condi\u00e7\u00f5es de guerra total \u2014 com miss\u00f5es constantes e ca\u00e7a cont\u00ednua por parte da R\u00fassia \u00e0s aeronaves&#8221;, explica Taras Chmut, diretor da funda\u00e7\u00e3o.\u00a0<\/p>\n<p>Estes novos sistemas est\u00e3o a permitir afastar os F-16 dos poucos aer\u00f3dromos preparados para inspecionar e fazer a manuten\u00e7\u00e3o destas aeronaves, que requerem um maior cuidado que as aeronaves de fabrico sovi\u00e9tico herdadas pela for\u00e7a a\u00e9rea ucraniana, que conseguem operar de forma cont\u00ednua em ambientes mais hostis. Al\u00e9m disso, este complexo permite poupar recursos. O n\u00famero de pessoas necess\u00e1rias para manter a aeronave com este sistema desceu para tr\u00eas, quando numa base a\u00e9rea s\u00e3o necess\u00e1rias 12.\u00a0<\/p>\n<p> <img decoding=\"async\" alt=\"\" src=\"https:\/\/www.europesays.com\/pt\/wp-content\/uploads\/2025\/08\/2-2-scaled-1.jpg\" width=\"600\"\/> <\/p>\n<p>   Sala de comando de opera\u00e7\u00f5es no interior do m\u00f3dulo m\u00f3vel de planeamento. (Funda\u00e7\u00e3o Come Back Alive) <\/p>\n<p style=\"text-align:justify; margin-bottom:11px\">Com esta nova forma de operar, os militares ucranianos est\u00e3o a conseguir dispersar a sua frota de forma a evitar perder um n\u00famero elevado de ativos em caso de ataque. Mesmo se as For\u00e7as Armadas russas descobrirem a localiza\u00e7\u00e3o de uma aeronave e a atacarem, a Ucr\u00e2nia n\u00e3o corre o risco de perder v\u00e1rios ca\u00e7as. Para as for\u00e7as ucranianas, que operam um n\u00famero limitado de aeronaves ocidentais, a capacidade de preservar for\u00e7as \u00e9 fundamental para continuar a resistir \u00e0s ofensivas russas.<\/p>\n<p>Os avi\u00f5es F-16, enviados para a Ucr\u00e2nia no ver\u00e3o de 2024, t\u00eam sido fundamentais para a defesa a\u00e9rea do pa\u00eds contra m\u00edsseis de cruzeiro russos e drones, ao disparar m\u00edsseis AIM-120 e AIM-9 Sidewinder. A import\u00e2ncia da frota, que ainda \u00e9 reduzida em n\u00famero de aeronaves, tem vindo a crescer recentemente com aumento acentuado dos bombardeamentos russos contra a Ucr\u00e2nia, atingindo alvos militares, mas tamb\u00e9m um n\u00famero cada vez maior de civis. No m\u00eas de julho, a R\u00fassia bateu o recorde do n\u00famero de drones disparados contra o pa\u00eds, lan\u00e7ando mais de seis mil unidades, tirando a vida a dezenas de civis e ferindo um n\u00famero ainda superior.\u00a0<\/p>\n<p>Esta t\u00e1tica contrasta com a forma de operar das for\u00e7as a\u00e9reas dos pa\u00edses ocidentais, que baseiam grandes partes das suas frotas e da estrutura de manuten\u00e7\u00e3o num n\u00famero reduzido de bases a\u00e9reas. Isto significa que, num conflito com um advers\u00e1rio com capacidade de disparar m\u00edsseis bal\u00edsticos, uma parte significativa destas frotas pode ser perdida antes mesmo de levantar voo.\u00a0<\/p>\n<p> <img loading=\"lazy\" decoding=\"async\" alt=\"\" height=\"401\" src=\"https:\/\/www.europesays.com\/pt\/wp-content\/uploads\/2025\/08\/2-1-1-scaled-1.jpg\" width=\"600\"\/> <\/p>\n<p>   Cami\u00f5es que transportam o m\u00f3dulo de planeamento e residencial do complexo m\u00f3vel. (Funda\u00e7\u00e3o Come Back Alive) <\/p>\n<p>Portugal \u00e9 um dos pa\u00edses que opera a sua frota de avi\u00f5es de combate de forma centralizada. Apesar de ter v\u00e1rias bases espalhadas um pouco por todo o territ\u00f3rio nacional, como a Base A\u00e9rea n.\u00ba 1, em Sintra, a Base A\u00e9rea n.\u00ba 4, nas Lajes, a Base A\u00e9rea n.\u00ba 6, no Montijo, e a Base A\u00e9rea n.\u00ba 11, em Beja, os esquadr\u00f5es de F-16 est\u00e3o sediados em exclusivo na Base A\u00e9rea n. 5, em Monte Real. Isto faz com que, em teoria, a frota de combate portuguesa esteja mais vulner\u00e1vel em caso de ataque com m\u00edsseis de longo alcance.\u00a0<\/p>\n<p>E a invas\u00e3o russa da Ucr\u00e2nia demonstra precisamente isso. S\u00f3 que ao contr\u00e1rio do que se esperava, foi a pr\u00f3pria R\u00fassia quem mais sofreu com a exposi\u00e7\u00e3o da sua frota em aer\u00f3dromos nas proximidades da Ucr\u00e2nia. E a Ucr\u00e2nia conseguiu demonstrar tamb\u00e9m que n\u00e3o \u00e9 preciso ter impressionantes m\u00edsseis bal\u00edsticos para o fazer, quando no primeiro dia de junho conseguiu destruir mais de dez aeronaves e danificar outras dez, quase todos bombardeiros estrat\u00e9gicos, de acordo com informa\u00e7\u00f5es do Pent\u00e1gono.<\/p>\n<p>No entanto, existem sinais de que a doutrina militar ocidental est\u00e1 a mudar, devido \u00e0s li\u00e7\u00f5es que surgem do campo de batalha na Ucr\u00e2nia e dos receios de um conflito no sudeste asi\u00e1tico, com a China a amea\u00e7ar invadir Taiwan. Num discurso em mar\u00e7o deste ano, o general Kevin Schneider, comandante da for\u00e7a a\u00e9rea americana no Pac\u00edfico <a href=\"https:\/\/www.pacaf.af.mil\/News\/Article-Display\/Article\/4108278\/pacaf-commander-highlights-readiness-lethality-at-afa-warfare-symposium\/\" rel=\"nofollow noopener\" target=\"_blank\">afirmou<\/a> que &#8220;os dias de operar a partir de bases fixas e seguras acabaram&#8221; e que as novas amea\u00e7as requerem &#8220;uma for\u00e7a flex\u00edvel e resiliente que possa operar em v\u00e1rios locais dispersos e condi\u00e7\u00f5es adversas&#8221;.<\/p>\n","protected":false},"excerpt":{"rendered":"A For\u00e7a A\u00e9rea ucraniana criou uma solu\u00e7\u00e3o que est\u00e1 a mudar o jogo na guerra a\u00e9rea e a&hellip;\n","protected":false},"author":2,"featured_media":27223,"comment_status":"","ping_status":"","sticky":false,"template":"","format":"standard","meta":{"footnotes":""},"categories":[50],"tags":[609,836,611,8722,27,28,607,608,333,9332,832,604,135,610,476,9330,15,16,301,830,14,603,25,26,570,21,22,831,833,4405,62,834,12,13,19,20,835,602,52,32,23,24,839,9331,17,18,840,29,30,31,63,64,65],"class_list":{"0":"post-27222","1":"post","2":"type-post","3":"status-publish","4":"format-standard","5":"has-post-thumbnail","7":"category-mundo","8":"tag-alerta","9":"tag-analise","10":"tag-ao-minuto","11":"tag-avioes","12":"tag-breaking-news","13":"tag-breakingnews","14":"tag-cnn","15":"tag-cnn-portugal","16":"tag-comentadores","17":"tag-complexo","18":"tag-costa","19":"tag-crime","20":"tag-desporto","21":"tag-direto","22":"tag-economia","23":"tag-f-16","24":"tag-featured-news","25":"tag-featurednews","26":"tag-governo","27":"tag-guerra","28":"tag-headlines","29":"tag-justica","30":"tag-latest-news","31":"tag-latestnews","32":"tag-live","33":"tag-main-news","34":"tag-mainnews","35":"tag-mais-vistas","36":"tag-marcelo","37":"tag-misseis","38":"tag-mundo","39":"tag-negocios","40":"tag-news","41":"tag-noticias","42":"tag-noticias-principais","43":"tag-noticiasprincipais","44":"tag-opiniao","45":"tag-pais","46":"tag-politica","47":"tag-portugal","48":"tag-principais-noticias","49":"tag-principaisnoticias","50":"tag-russia","51":"tag-tactica","52":"tag-top-stories","53":"tag-topstories","54":"tag-ucrania","55":"tag-ultimas","56":"tag-ultimas-noticias","57":"tag-ultimasnoticias","58":"tag-world","59":"tag-world-news","60":"tag-worldnews"},"share_on_mastodon":{"url":"","error":""},"_links":{"self":[{"href":"https:\/\/www.europesays.com\/pt\/wp-json\/wp\/v2\/posts\/27222","targetHints":{"allow":["GET"]}}],"collection":[{"href":"https:\/\/www.europesays.com\/pt\/wp-json\/wp\/v2\/posts"}],"about":[{"href":"https:\/\/www.europesays.com\/pt\/wp-json\/wp\/v2\/types\/post"}],"author":[{"embeddable":true,"href":"https:\/\/www.europesays.com\/pt\/wp-json\/wp\/v2\/users\/2"}],"replies":[{"embeddable":true,"href":"https:\/\/www.europesays.com\/pt\/wp-json\/wp\/v2\/comments?post=27222"}],"version-history":[{"count":0,"href":"https:\/\/www.europesays.com\/pt\/wp-json\/wp\/v2\/posts\/27222\/revisions"}],"wp:featuredmedia":[{"embeddable":true,"href":"https:\/\/www.europesays.com\/pt\/wp-json\/wp\/v2\/media\/27223"}],"wp:attachment":[{"href":"https:\/\/www.europesays.com\/pt\/wp-json\/wp\/v2\/media?parent=27222"}],"wp:term":[{"taxonomy":"category","embeddable":true,"href":"https:\/\/www.europesays.com\/pt\/wp-json\/wp\/v2\/categories?post=27222"},{"taxonomy":"post_tag","embeddable":true,"href":"https:\/\/www.europesays.com\/pt\/wp-json\/wp\/v2\/tags?post=27222"}],"curies":[{"name":"wp","href":"https:\/\/api.w.org\/{rel}","templated":true}]}}