{"id":27234,"date":"2025-08-13T08:02:12","date_gmt":"2025-08-13T08:02:12","guid":{"rendered":"https:\/\/www.europesays.com\/pt\/27234\/"},"modified":"2025-08-13T08:02:12","modified_gmt":"2025-08-13T08:02:12","slug":"johnny-depp-esta-proximo-de-voltar-em-piratas-do-caribe-12-08-2025-celebridades","status":"publish","type":"post","link":"https:\/\/www.europesays.com\/pt\/27234\/","title":{"rendered":"Johnny Depp est\u00e1 pr\u00f3ximo de voltar em &#8216;Piratas do Caribe&#8217; &#8211; 12\/08\/2025 &#8211; Celebridades"},"content":{"rendered":"<p>\n<strong class=\"c-signature__location\">Rio de Janeiro<\/strong>\n<\/p>\n<p>O retorno de <a href=\"https:\/\/www1.folha.uol.com.br\/folha-topicos\/johnny-depp\/\" rel=\"nofollow noopener\" target=\"\">Johnny Depp <\/a>\u00e0 franquia &#8220;Piratas do Caribe&#8221; est\u00e1 cada vez mais pr\u00f3ximo. O produtor Jerry Bruckheimer contou ter conversado diretamente com o ator e se mostrou otimista sobre um novo acordo. &#8220;Ele deu a entender que tudo depende do que estiver nas p\u00e1ginas do roteiro&#8221;.<\/p>\n<p>Depp protagonizou os cinco primeiros filmes da s\u00e9rie, lan\u00e7ados entre 2003 e 2017, <a href=\"https:\/\/f5.folha.uol.com.br\/celebridades\/2025\/06\/johnny-depp-revive-jack-sparrow-em-visita-surpresa-a-hospital-infantil-na-espanha.shtml\" rel=\"nofollow noopener\" target=\"\">interpretando o ic\u00f4nico Capit\u00e3o Jack Sparrow.<\/a> Por\u00e9m, sua carreira sofreu um baque durante a pr\u00e9-produ\u00e7\u00e3o do sexto filme, quando ele foi afastado da produ\u00e7\u00e3o. Em 2022, chegou a afirmar que <a href=\"https:\/\/f5.folha.uol.com.br\/celebridades\/2022\/11\/johnny-depp-retornara-a-piratas-do-caribe-como-jack-sparrow-diz-jornal.shtml\" rel=\"nofollow noopener\" target=\"\">n\u00e3o pretendia mais trabalhar com a Disney, est\u00fadio respons\u00e1vel pela franquia.<\/a><\/p>\n<p>Ap\u00f3s uma longa e pol\u00eamica batalha judicial contra Amber Heard, Depp come\u00e7a a dar sinais de retorno. Bruckheimer, que tamb\u00e9m produziu sucessos como &#8220;Top Gun: Maverick&#8221; (2022), destacou que h\u00e1 interesse de ambas as partes para que Jack Sparrow continue liderando a saga.<\/p>\n<p>Antes da pandemia e das greves em Hollywood, Craig Mazin (&#8220;Chernobyl&#8221; e &#8221; The Last of Us&#8221;) e Ted Elliot (&#8220;Piratas do Caribe: A Maldi\u00e7\u00e3o do P\u00e9rola Negra&#8221;) foram respons\u00e1veis por trabalhar no roteiro do pr\u00f3ximo filme. &#8220;Ainda estamos desenvolvendo o roteiro. Queremos fazer isso, precisamos do roteiro certo. N\u00e3o chegamos l\u00e1 ainda, mas estamos perto&#8221;, disse Bruckheimer em entrevista \u00e0 revista Entertainment Weekly.<\/p>\n<p>Johnny Depp enfrentou acusa\u00e7\u00f5es de viol\u00eancia dom\u00e9stica feitas pela ex-esposa. <a href=\"https:\/\/www1.folha.uol.com.br\/ilustrada\/2022\/04\/briga-de-johnny-depp-contra-amber-heard-chega-a-reta-final-entenda-o-processo.shtml\" rel=\"nofollow noopener\" target=\"\">Em 2018, ele processou o jornal ingl\u00eas The Sun por difama\u00e7\u00e3o, ap\u00f3s o ve\u00edculo cham\u00e1-lo de &#8220;espancador de esposa&#8221;, <\/a>mas perdeu a a\u00e7\u00e3o. A corte brit\u00e2nica considerou a descri\u00e7\u00e3o verdadeira. Depp e Heard tamb\u00e9m travaram outra batalha judicial nos EUA,<a href=\"https:\/\/f5.folha.uol.com.br\/celebridades\/2019\/03\/johnny-depp-abre-processo-de-difamacao-de-r-188-milhoes-contra-amber-heard.shtml\" rel=\"nofollow noopener\" target=\"\"> em um processo de difama\u00e7\u00e3o m\u00fatuo <\/a>por conta de um artigo escrito por Heard no The Washington Post. No fim, ambos foram considerados culpados.<\/p>\n","protected":false},"excerpt":{"rendered":"Rio de Janeiro O retorno de Johnny Depp \u00e0 franquia &#8220;Piratas do Caribe&#8221; est\u00e1 cada vez mais pr\u00f3ximo.&hellip;\n","protected":false},"author":2,"featured_media":27235,"comment_status":"","ping_status":"","sticky":false,"template":"","format":"standard","meta":{"footnotes":""},"categories":[145],"tags":[9336,219,211,210,223,9335,114,115,224,225,226,9338,221,220,222,9334,9337,32,33,9339,218,228,227],"class_list":{"0":"post-27234","1":"post","2":"type-post","3":"status-publish","4":"format-standard","5":"has-post-thumbnail","7":"category-celebridades","8":"tag-amber-heard","9":"tag-bichos","10":"tag-celebridades","11":"tag-celebrities","12":"tag-colunistas","13":"tag-edward-mo-de-tesoura","14":"tag-entertainment","15":"tag-entretenimento","16":"tag-estranho","17":"tag-eu-amo","18":"tag-fofices","19":"tag-hollywood-vampires","20":"tag-horoscopo","21":"tag-humanos","22":"tag-humor","23":"tag-johnny-depp","24":"tag-piratas-do-caribe","25":"tag-portugal","26":"tag-pt","27":"tag-sweeney-todd","28":"tag-televisao","29":"tag-tudo","30":"tag-videos"},"share_on_mastodon":{"url":"","error":""},"_links":{"self":[{"href":"https:\/\/www.europesays.com\/pt\/wp-json\/wp\/v2\/posts\/27234","targetHints":{"allow":["GET"]}}],"collection":[{"href":"https:\/\/www.europesays.com\/pt\/wp-json\/wp\/v2\/posts"}],"about":[{"href":"https:\/\/www.europesays.com\/pt\/wp-json\/wp\/v2\/types\/post"}],"author":[{"embeddable":true,"href":"https:\/\/www.europesays.com\/pt\/wp-json\/wp\/v2\/users\/2"}],"replies":[{"embeddable":true,"href":"https:\/\/www.europesays.com\/pt\/wp-json\/wp\/v2\/comments?post=27234"}],"version-history":[{"count":0,"href":"https:\/\/www.europesays.com\/pt\/wp-json\/wp\/v2\/posts\/27234\/revisions"}],"wp:featuredmedia":[{"embeddable":true,"href":"https:\/\/www.europesays.com\/pt\/wp-json\/wp\/v2\/media\/27235"}],"wp:attachment":[{"href":"https:\/\/www.europesays.com\/pt\/wp-json\/wp\/v2\/media?parent=27234"}],"wp:term":[{"taxonomy":"category","embeddable":true,"href":"https:\/\/www.europesays.com\/pt\/wp-json\/wp\/v2\/categories?post=27234"},{"taxonomy":"post_tag","embeddable":true,"href":"https:\/\/www.europesays.com\/pt\/wp-json\/wp\/v2\/tags?post=27234"}],"curies":[{"name":"wp","href":"https:\/\/api.w.org\/{rel}","templated":true}]}}