{"id":272382,"date":"2026-02-16T15:47:14","date_gmt":"2026-02-16T15:47:14","guid":{"rendered":"https:\/\/www.europesays.com\/pt\/272382\/"},"modified":"2026-02-16T15:47:14","modified_gmt":"2026-02-16T15:47:14","slug":"poucas-pessoas-sabem-mas-colocar-essa-fruta-no-feijao-pode-ajudar-a-combater-a-prisao-de-ventre","status":"publish","type":"post","link":"https:\/\/www.europesays.com\/pt\/272382\/","title":{"rendered":"Poucas pessoas sabem, mas colocar essa fruta no feij\u00e3o pode ajudar a combater a pris\u00e3o de ventre"},"content":{"rendered":"<p>Poucas pessoas sabem, mas colocar essa fruta no feij\u00e3o pode ajudar a combater a pris\u00e3o de ventre<\/p>\n<p>O feij\u00e3o \u00e9 fonte de fibras, mas pode causar gases e constipa\u00e7\u00e3o a depender do preparo<\/p>\n<p class=\"editor-paragraph\">\u00c9 fato que o <a href=\"https:\/\/www.minhavida.com.br\/materias\/materia-20155\" rel=\"nofollow noopener\" target=\"_blank\">feij\u00e3o<\/a> \u00e9 um dos alimentos mais amados entre os brasileiros. E a boa not\u00edcia \u00e9 que al\u00e9m de ser saboroso e um \u00f3timo companheiro do <a class=\"cat-1-color\" href=\"https:\/\/www.minhavida.com.br\/alimentacao\/ingredientes\/3939-arroz\" rel=\"nofollow noopener\" target=\"_blank\">arroz<\/a>, o <a class=\"cat-1-color\" href=\"https:\/\/www.minhavida.com.br\/alimentacao\/ingredientes\/4624-feijao\" rel=\"nofollow noopener\" target=\"_blank\">feij\u00e3o<\/a> tamb\u00e9m \u00e9 excelente para a sa\u00fade, afinal, ele \u00e9 rico em ferro, f\u00f3sforo, fibras e vitaminas do complexo B.<\/p>\n<p class=\"editor-paragraph\">No entanto, n\u00e3o \u00e9 sempre que o feij\u00e3o \u00e9 her\u00f3i. Ao<b> MinhaVida<\/b>, a gastroenterologista\u00a0 Fernanda Rodrigues Gouveia da Mata explica que, embora seja rica em fibras, que tendem a ajudar no funcionamento do intestino, essa leguminosa pode causar o efeito contr\u00e1rio a depender da hidrata\u00e7\u00e3o do indiv\u00edduo.\u00a0<\/p>\n<p class=\"editor-paragraph\">\u201cEm algumas pessoas, o feij\u00e3o pode causar <a href=\"https:\/\/www.minhavida.com.br\/saude\/temas\/intestino-preso\" rel=\"nofollow noopener\" target=\"_blank\">constipa\u00e7\u00e3o<\/a> ou <a href=\"https:\/\/www.minhavida.com.br\/saude\/temas\/gases\" rel=\"nofollow noopener\" target=\"_blank\">gases<\/a>, especialmente quando o consumo de fibras n\u00e3o vem acompanhado de \u00e1gua suficiente. Isso acontece porque o excesso de fibras sem hidrata\u00e7\u00e3o adequada pode ressecar o bolo fecal\u201d.\u00a0<\/p>\n<p class=\"editor-paragraph\">Leia tamb\u00e9m: <a href=\"https:\/\/www.minhavida.com.br\/materias\/materia-26480\" rel=\"nofollow noopener\" target=\"_blank\">Esses s\u00e3o os alimentos que n\u00e3o podem ser cozidos junto com feij\u00e3o e voc\u00ea n\u00e3o faz ideia<\/a><\/p>\n<p>Como evitar que o feij\u00e3o prenda o intestino?\u00a0<\/p>\n<p class=\"editor-paragraph\">Para al\u00e9m do fator hidrata\u00e7\u00e3o, essencial para que as fibras do feij\u00e3o n\u00e3o ressequem o bolo fecal, deixar a leguminosa de molho tamb\u00e9m pode ajudar a prevenir a constipa\u00e7\u00e3o.\u00a0<\/p>\n<p class=\"editor-paragraph\">\u201cO ideal \u00e9 deixar o feij\u00e3o de molho antes do preparo, trocar a \u00e1gua e garantir o consumo adequado de l\u00edquidos ao longo do dia. <b>Isso reduz fatores antinutricionais e melhora a digestibilidade<\/b>. Al\u00e9m disso, variar as fontes de fibras na dieta (frutas, verduras, cereais integrais) tamb\u00e9m ajuda\u201d, recomenda a m\u00e9dica.\u00a0<\/p>\n<p>O truque da ma\u00e7\u00e3 no feij\u00e3o\u00a0<\/p>\n<p class=\"editor-paragraph\">Outro meio de evitar a pris\u00e3o de ventre \u00e9 colocar uma <a href=\"https:\/\/www.minhavida.com.br\/materias\/materia-11655\" rel=\"nofollow noopener\" target=\"_blank\">ma\u00e7\u00e3<\/a> dentro da \u00e1gua do feij\u00e3o durante o cozimento. \u00c9 isso mesmo! Conforme Fernanda, ao incluir a fruta no preparo da leguminosa, voc\u00ea estar\u00e1 adicionando ao prato uma fibra sol\u00favel que atua como um prebi\u00f3tico chamado pectina, que ajuda a regular a flora intestinal e deixa o bolo fecal mais macio.\u00a0<\/p>\n<p class=\"editor-paragraph\">\u201cQuando adicionada no cozimento do feij\u00e3o, parte dessa fibra pode ser liberada, somando-se \u00e0s fibras j\u00e1 presentes no gr\u00e3o e potencializando o efeito de combate \u00e0 pris\u00e3o de ventre\u201d, finaliza a especialista.\u00a0<\/p>\n<p class=\"editor-paragraph\">Leia tamb\u00e9m: <a href=\"https:\/\/www.minhavida.com.br\/materias\/materia-25906\" rel=\"nofollow noopener\" target=\"_blank\">O feij\u00e3o deve ser cozido com ou sem sal? Entenda como essa escolha pode impactar a digest\u00e3o<\/a><\/p>\n","protected":false},"excerpt":{"rendered":"Poucas pessoas sabem, mas colocar essa fruta no feij\u00e3o pode ajudar a combater a pris\u00e3o de ventre O&hellip;\n","protected":false},"author":2,"featured_media":272383,"comment_status":"","ping_status":"","sticky":false,"template":"","format":"standard","meta":{"footnotes":"","_share_on_mastodon":"0"},"categories":[86],"tags":[30514,50006,20551,116,32,33,117],"class_list":["post-272382","post","type-post","status-publish","format-standard","has-post-thumbnail","category-saude","tag-arroz","tag-farinha-de-feijao-branco","tag-feijao","tag-health","tag-portugal","tag-pt","tag-saude"],"share_on_mastodon":{"url":"https:\/\/pubeurope.com\/@pt\/116081095010653059","error":""},"_links":{"self":[{"href":"https:\/\/www.europesays.com\/pt\/wp-json\/wp\/v2\/posts\/272382","targetHints":{"allow":["GET"]}}],"collection":[{"href":"https:\/\/www.europesays.com\/pt\/wp-json\/wp\/v2\/posts"}],"about":[{"href":"https:\/\/www.europesays.com\/pt\/wp-json\/wp\/v2\/types\/post"}],"author":[{"embeddable":true,"href":"https:\/\/www.europesays.com\/pt\/wp-json\/wp\/v2\/users\/2"}],"replies":[{"embeddable":true,"href":"https:\/\/www.europesays.com\/pt\/wp-json\/wp\/v2\/comments?post=272382"}],"version-history":[{"count":0,"href":"https:\/\/www.europesays.com\/pt\/wp-json\/wp\/v2\/posts\/272382\/revisions"}],"wp:featuredmedia":[{"embeddable":true,"href":"https:\/\/www.europesays.com\/pt\/wp-json\/wp\/v2\/media\/272383"}],"wp:attachment":[{"href":"https:\/\/www.europesays.com\/pt\/wp-json\/wp\/v2\/media?parent=272382"}],"wp:term":[{"taxonomy":"category","embeddable":true,"href":"https:\/\/www.europesays.com\/pt\/wp-json\/wp\/v2\/categories?post=272382"},{"taxonomy":"post_tag","embeddable":true,"href":"https:\/\/www.europesays.com\/pt\/wp-json\/wp\/v2\/tags?post=272382"}],"curies":[{"name":"wp","href":"https:\/\/api.w.org\/{rel}","templated":true}]}}