{"id":27275,"date":"2025-08-13T08:51:08","date_gmt":"2025-08-13T08:51:08","guid":{"rendered":"https:\/\/www.europesays.com\/pt\/27275\/"},"modified":"2025-08-13T08:51:08","modified_gmt":"2025-08-13T08:51:08","slug":"aac-comemora-70-anos-com-50-titulos-em-livro","status":"publish","type":"post","link":"https:\/\/www.europesays.com\/pt\/27275\/","title":{"rendered":"AAC comemora 70 anos com 50 t\u00edtulos em livro"},"content":{"rendered":"<p>A convite da Sec\u00e7\u00e3o de Rugby da Acad\u00e9mica (SR\/AAC) S\u00e9rgio Franco para compilar textos j\u00e1 escritos sobre os atletas internacionais dos \u201cpretos\u201d S\u00e9rgio Franco respondeu em dobro.<\/p>\n<p>\u201cEra uma oportunidade \u00fanica para homenagear tamb\u00e9m os jogadores que venceram t\u00edtulos e momentos mais marcantes da nossa equipa s\u00e9nior\u201d, admite, ao DI\u00c1RIO AS BEIRAS.<\/p>\n<p>O livro \u201c70 Anos \u2013 50 T\u00edtulos\u201d nasce \u201cda vontade de preservar a mem\u00f3ria coletiva e valorizar aqueles que ajudaram a construir os melhores momentos da hist\u00f3ria da SR\/AAC: atletas, treinadores, dirigentes e todos os que, mesmo no anonimato, mantiveram vivo o r\u00e2guebi da AAC\u201d, sintetiza.<\/p>\n<p>S\u00e9rgio Franco \u00e9, tamb\u00e9m ele, um dos nomes homenageados pelo livro, j\u00e1 que foi \u201cjogador e treinador em muitos dos t\u00edtulos relatados\u201d. Por isso achou \u201cessencial incluir outras vozes e testemunhos \u2014 de companheiros de equipa, treinadores e dirigentes \u2014 que ajudaram a enriquecer o livro e a dar-lhe a pluralidade que a hist\u00f3ria da Acad\u00e9mica merece\u201d.<\/p>\n<p><strong>Pode ler a not\u00edcia completa na edi\u00e7\u00e3o impressa e digital do dia 13\/08\/2025 do DI\u00c1RIO AS BEIRAS<\/strong><\/p>\n","protected":false},"excerpt":{"rendered":"A convite da Sec\u00e7\u00e3o de Rugby da Acad\u00e9mica (SR\/AAC) S\u00e9rgio Franco para compilar textos j\u00e1 escritos sobre os&hellip;\n","protected":false},"author":2,"featured_media":27276,"comment_status":"","ping_status":"","sticky":false,"template":"","format":"standard","meta":{"footnotes":""},"categories":[143],"tags":[169,114,115,170,32,33],"class_list":{"0":"post-27275","1":"post","2":"type-post","3":"status-publish","4":"format-standard","5":"has-post-thumbnail","7":"category-livros","8":"tag-books","9":"tag-entertainment","10":"tag-entretenimento","11":"tag-livros","12":"tag-portugal","13":"tag-pt"},"share_on_mastodon":{"url":"","error":""},"_links":{"self":[{"href":"https:\/\/www.europesays.com\/pt\/wp-json\/wp\/v2\/posts\/27275","targetHints":{"allow":["GET"]}}],"collection":[{"href":"https:\/\/www.europesays.com\/pt\/wp-json\/wp\/v2\/posts"}],"about":[{"href":"https:\/\/www.europesays.com\/pt\/wp-json\/wp\/v2\/types\/post"}],"author":[{"embeddable":true,"href":"https:\/\/www.europesays.com\/pt\/wp-json\/wp\/v2\/users\/2"}],"replies":[{"embeddable":true,"href":"https:\/\/www.europesays.com\/pt\/wp-json\/wp\/v2\/comments?post=27275"}],"version-history":[{"count":0,"href":"https:\/\/www.europesays.com\/pt\/wp-json\/wp\/v2\/posts\/27275\/revisions"}],"wp:featuredmedia":[{"embeddable":true,"href":"https:\/\/www.europesays.com\/pt\/wp-json\/wp\/v2\/media\/27276"}],"wp:attachment":[{"href":"https:\/\/www.europesays.com\/pt\/wp-json\/wp\/v2\/media?parent=27275"}],"wp:term":[{"taxonomy":"category","embeddable":true,"href":"https:\/\/www.europesays.com\/pt\/wp-json\/wp\/v2\/categories?post=27275"},{"taxonomy":"post_tag","embeddable":true,"href":"https:\/\/www.europesays.com\/pt\/wp-json\/wp\/v2\/tags?post=27275"}],"curies":[{"name":"wp","href":"https:\/\/api.w.org\/{rel}","templated":true}]}}