{"id":272765,"date":"2026-02-16T22:14:15","date_gmt":"2026-02-16T22:14:15","guid":{"rendered":"https:\/\/www.europesays.com\/pt\/272765\/"},"modified":"2026-02-16T22:14:15","modified_gmt":"2026-02-16T22:14:15","slug":"robert-duvall-5-filmes-imperdiveis-do-ator-para-ver-no-streaming","status":"publish","type":"post","link":"https:\/\/www.europesays.com\/pt\/272765\/","title":{"rendered":"Robert Duvall: 5 filmes imperd\u00edveis do ator para ver no streaming"},"content":{"rendered":"<p data-component-name=\"paragraph\" class=\"styles__ParagraphStyled-sc-6adecn-0 gsLklW  \">O ator <a href=\"https:\/\/www.estadao.com.br\/cultura\/cinema\/morre-robert-duvall-ator-de-o-poderoso-chefao-e-apocalypse-now-aos-95-anos\/\" target=\"_blank\" rel=\"noreferrer nofollow noopener\" title=\"https:\/\/www.estadao.com.br\/cultura\/cinema\/morre-robert-duvall-ator-de-o-poderoso-chefao-e-apocalypse-now-aos-95-anos\/\"><strong>Robert Duvall<\/strong> morreu na noite do \u00faltimo domingo, 15, aos 95 anos<\/a>, em sua casa em Middleburg, no estado da Virg\u00ednia, nos Estados Unidos. A informa\u00e7\u00e3o foi confirmada por sua esposa, Luciana Duvall.<\/p>\n<p data-component-name=\"paragraph\" class=\"styles__ParagraphStyled-sc-6adecn-0 gsLklW  \">Com uma carreira que come\u00e7ou nos anos 1950, Duvall se destacou pela versatilidade e pela profundidade emocional que imprimia a cada papel, consolidando-se como um dos int\u00e9rpretes mais respeitados de sua gera\u00e7\u00e3o.<\/p>\n<p><img  loading=\"lazy\" class=\"lazy-load-img\"\/><\/p>\n<p>Robert Duvall deu vida a Tom Hagen em dois filmes da franquia &#8216;O Poderoso Chef\u00e3o&#8217;\u00a0Foto:  Divulga\u00e7\u00e3o<\/p>\n<p data-component-name=\"paragraph\" class=\"styles__ParagraphStyled-sc-6adecn-0 gsLklW  \">Para relembrar momentos marcantes de sua trajet\u00f3ria, o <strong>Estad\u00e3o <\/strong>selecionou cinco filmes imperd\u00edveis do ator. Confira: <\/p>\n<p>O Poderoso Chef\u00e3o<\/p>\n<ul>\n<li class=\" \">Em meio \u00e0 expans\u00e3o do crime organizado nos Estados Unidos do p\u00f3s-guerra, a poderosa fam\u00edlia Corleone domina parte significativa dos neg\u00f3cios ilegais em Nova York. Liderada pelo respeitado e temido Vito Corleone, o cl\u00e3 mant\u00e9m uma estrutura baseada em lealdade, tradi\u00e7\u00e3o e c\u00f3digos r\u00edgidos de honra. <b>Dispon\u00edvel na Netflix, Paramount+, Google Play Filmes, Apple TV e Prime Video<\/b><\/li>\n<\/ul>\n<p>Apocalypse Now<\/p>\n<ul>\n<li class=\" \">Durante a Guerra do Vietn\u00e3, o capit\u00e3o Willard (Martin Sheen) recebe a miss\u00e3o de localizar e matar o coronel Kurtz, um oficial que teria enlouquecido e passado a comandar um grupo de seguidores na selva do Camboja. Em uma jornada tensa e alucinante rio acima, Willard mergulha em um cen\u00e1rio de viol\u00eancia e del\u00edrio que exp\u00f5e os horrores da guerra e os limites da sanidade humana.<b> Dispon\u00edvel na Netflix, Amazon Prime e Globoplay.<\/b><\/li>\n<\/ul>\n<p>A For\u00e7a do Carinho<\/p>\n<ul>\n<li class=\" \">Robert Duvall interpreta Mac Sledge, um cantor country em decad\u00eancia que tenta reconstruir a pr\u00f3pria vida ap\u00f3s enfrentar o alcoolismo e o fracasso pessoal. Ao encontrar acolhimento no interior do Texas, ele inicia uma jornada silenciosa de reden\u00e7\u00e3o, marcada por novas rela\u00e7\u00f5es, f\u00e9 e a tentativa de fazer as pazes com o passado. A atua\u00e7\u00e3o intensa e contida rendeu a Duvall o Oscar de Melhor Ator. <b>Dispon\u00edvel na Mubi.<\/b><\/li>\n<\/ul>\n<p>M.A.S.H.<\/p>\n<ul>\n<li class=\" \">Ambientado durante a Guerra da Coreia, o filme acompanha tr\u00eas cirurgi\u00f5es de uma unidade m\u00e9dica do Ex\u00e9rcito que usam o humor \u00e1cido, a irrever\u00eancia e o deboche como forma de enfrentar a tens\u00e3o constante do campo de batalha. Entre cirurgias e confrontos com superiores, o trio desafia a rigidez militar e transforma o caos da guerra em uma s\u00e1tira mordaz, criando situa\u00e7\u00f5es t\u00e3o provocativas quanto hil\u00e1rias. <b>Dispon\u00edvel na Amazon Prime e Google Play<\/b>. <\/li>\n<\/ul>\n<p>O Juiz<\/p>\n<ul>\n<li class=\" \">Hank Palmer (Robert Downey Jr.) \u00e9 um advogado brilhante e arrogante que retorna \u00e0 cidade onde cresceu para o funeral da m\u00e3e e descobre que seu pai, o respeitado juiz Joseph Palmer (Robert Duvall), \u00e9 acusado de assassinato. Apesar da rela\u00e7\u00e3o marcada por ressentimentos, Hank assume a defesa do pai. \u00c0 medida que o julgamento avan\u00e7a, os dois precisam enfrentar feridas antigas e lidar com a fragilidade de Joseph, que sofre de Alzheimer, transformando o caso em um intenso drama familiar. <b>Dispon\u00edvel na Apple Tv, HBO Max, Prime Video e YouTube<\/b>. <\/li>\n<\/ul>\n","protected":false},"excerpt":{"rendered":"O ator Robert Duvall morreu na noite do \u00faltimo domingo, 15, aos 95 anos, em sua casa em&hellip;\n","protected":false},"author":2,"featured_media":272766,"comment_status":"","ping_status":"","sticky":false,"template":"","format":"standard","meta":{"footnotes":"","_share_on_mastodon":"0"},"categories":[140],"tags":[50041,114,115,147,148,2732,146,32,33],"class_list":["post-272765","post","type-post","status-publish","format-standard","has-post-thumbnail","category-filmes","tag-alias","tag-entertainment","tag-entretenimento","tag-film","tag-filmes","tag-geral","tag-movies","tag-portugal","tag-pt"],"share_on_mastodon":{"url":"https:\/\/pubeurope.com\/@pt\/116082616849616727","error":""},"_links":{"self":[{"href":"https:\/\/www.europesays.com\/pt\/wp-json\/wp\/v2\/posts\/272765","targetHints":{"allow":["GET"]}}],"collection":[{"href":"https:\/\/www.europesays.com\/pt\/wp-json\/wp\/v2\/posts"}],"about":[{"href":"https:\/\/www.europesays.com\/pt\/wp-json\/wp\/v2\/types\/post"}],"author":[{"embeddable":true,"href":"https:\/\/www.europesays.com\/pt\/wp-json\/wp\/v2\/users\/2"}],"replies":[{"embeddable":true,"href":"https:\/\/www.europesays.com\/pt\/wp-json\/wp\/v2\/comments?post=272765"}],"version-history":[{"count":0,"href":"https:\/\/www.europesays.com\/pt\/wp-json\/wp\/v2\/posts\/272765\/revisions"}],"wp:featuredmedia":[{"embeddable":true,"href":"https:\/\/www.europesays.com\/pt\/wp-json\/wp\/v2\/media\/272766"}],"wp:attachment":[{"href":"https:\/\/www.europesays.com\/pt\/wp-json\/wp\/v2\/media?parent=272765"}],"wp:term":[{"taxonomy":"category","embeddable":true,"href":"https:\/\/www.europesays.com\/pt\/wp-json\/wp\/v2\/categories?post=272765"},{"taxonomy":"post_tag","embeddable":true,"href":"https:\/\/www.europesays.com\/pt\/wp-json\/wp\/v2\/tags?post=272765"}],"curies":[{"name":"wp","href":"https:\/\/api.w.org\/{rel}","templated":true}]}}