{"id":27287,"date":"2025-08-13T08:59:07","date_gmt":"2025-08-13T08:59:07","guid":{"rendered":"https:\/\/www.europesays.com\/pt\/27287\/"},"modified":"2025-08-13T08:59:07","modified_gmt":"2025-08-13T08:59:07","slug":"grandes-contribuintes-sao-responsaveis-por-43-dos-impostos-pagos-ao-estado","status":"publish","type":"post","link":"https:\/\/www.europesays.com\/pt\/27287\/","title":{"rendered":"Grandes contribuintes s\u00e3o respons\u00e1veis por 43 dos impostos pagos ao Estado"},"content":{"rendered":"<p>A UGC \u00e9 o radar do Fisco para os contribuintes mais ricos de Portugal e percebe-se porqu\u00ea. \u00c9 que o peso destas fam\u00edlias e empresas no total da receita fiscal do Estado foi de 43%, em 2024, segundo o relat\u00f3rio sobre o combate \u00e0 fraude e \u00e0 evas\u00e3o fiscais e aduaneiras. Ao todo, pagaram 27 mil milh\u00f5es de euros em impostos em 2024, o que significa um aumento de tr\u00eas mil milh\u00f5es de euros face a 2023. Nesse ano, o peso dos grandes contribuintes no total de impostos era de 41%.<\/p>\n<p data-remotead-prev-elm=\"true\" data-remotead-elm-id=\"inread\">O montante de 27 mil milh\u00f5es de euros \u00e9 um recorde, tal como j\u00e1 tinham sido um recorde os 24 mil milh\u00f5es de euros pagos por estes contribuintes em 2023. Quanto ao peso destes valores no total da receita fiscal, que \u00e9 atualmente de 43%, s\u00f3 foi maior uma vez. Aconteceu em 2022, quando os 23 mil milh\u00f5es de euros valeram 44% da receita do Estado.<\/p>\n<p>Acesso exclusivo a assinantes<\/p>\n<p>Acesso ilimitado a conte\u00fados exclusivos<\/p>\n<p>Navega\u00e7\u00e3o sem publicidade intrusiva<\/p>\n<p>Vers\u00e3o digital do jornal, suplementos e revistas<\/p>\n","protected":false},"excerpt":{"rendered":"A UGC \u00e9 o radar do Fisco para os contribuintes mais ricos de Portugal e percebe-se porqu\u00ea. \u00c9&hellip;\n","protected":false},"author":2,"featured_media":27288,"comment_status":"","ping_status":"","sticky":false,"template":"","format":"standard","meta":{"footnotes":""},"categories":[83],"tags":[88,89,90,32,33],"class_list":{"0":"post-27287","1":"post","2":"type-post","3":"status-publish","4":"format-standard","5":"has-post-thumbnail","7":"category-empresas","8":"tag-business","9":"tag-economy","10":"tag-empresas","11":"tag-portugal","12":"tag-pt"},"share_on_mastodon":{"url":"","error":""},"_links":{"self":[{"href":"https:\/\/www.europesays.com\/pt\/wp-json\/wp\/v2\/posts\/27287","targetHints":{"allow":["GET"]}}],"collection":[{"href":"https:\/\/www.europesays.com\/pt\/wp-json\/wp\/v2\/posts"}],"about":[{"href":"https:\/\/www.europesays.com\/pt\/wp-json\/wp\/v2\/types\/post"}],"author":[{"embeddable":true,"href":"https:\/\/www.europesays.com\/pt\/wp-json\/wp\/v2\/users\/2"}],"replies":[{"embeddable":true,"href":"https:\/\/www.europesays.com\/pt\/wp-json\/wp\/v2\/comments?post=27287"}],"version-history":[{"count":0,"href":"https:\/\/www.europesays.com\/pt\/wp-json\/wp\/v2\/posts\/27287\/revisions"}],"wp:featuredmedia":[{"embeddable":true,"href":"https:\/\/www.europesays.com\/pt\/wp-json\/wp\/v2\/media\/27288"}],"wp:attachment":[{"href":"https:\/\/www.europesays.com\/pt\/wp-json\/wp\/v2\/media?parent=27287"}],"wp:term":[{"taxonomy":"category","embeddable":true,"href":"https:\/\/www.europesays.com\/pt\/wp-json\/wp\/v2\/categories?post=27287"},{"taxonomy":"post_tag","embeddable":true,"href":"https:\/\/www.europesays.com\/pt\/wp-json\/wp\/v2\/tags?post=27287"}],"curies":[{"name":"wp","href":"https:\/\/api.w.org\/{rel}","templated":true}]}}