{"id":27298,"date":"2025-08-13T09:13:05","date_gmt":"2025-08-13T09:13:05","guid":{"rendered":"https:\/\/www.europesays.com\/pt\/27298\/"},"modified":"2025-08-13T09:13:05","modified_gmt":"2025-08-13T09:13:05","slug":"psg-x-tottenham-antevisao-ausencias-e-onzes-provaveis-zerozero-pt","status":"publish","type":"post","link":"https:\/\/www.europesays.com\/pt\/27298\/","title":{"rendered":"PSG x Tottenham: antevis\u00e3o, aus\u00eancias e onzes prov\u00e1veis &#8211; zerozero.pt"},"content":{"rendered":"<ol>\n<li><a href=\"https:\/\/news.google.com\/rss\/articles\/CBMimAFBVV95cUxONWs1eEVkcVgyN2FNTHpHb0prQmNQdkx6c2RzVGZGT0VzbFVwSms1S1pORVVTVnRzVy1YQVlSVmRvV1R5Y1YyWHJpQTgzRjBCb043aEw4alk0dkw4bHB3a240Szg2c3hVdlJhN21RUG8zbHkyQzJYSnZYc3NCeTl3T0V5Q2hvZVVRc0J5cmFDdkJHS19RYlVPdQ?oc=5\" target=\"_blank\" rel=\"nofollow noopener\">PSG x Tottenham: antevis\u00e3o, aus\u00eancias e onzes prov\u00e1veis<\/a>&nbsp;&nbsp;zerozero.pt<\/li>\n<li><a href=\"https:\/\/news.google.com\/rss\/articles\/CBMi3wFBVV95cUxPM0Vqa0V0TGlDQ1ZFMnhLb05Gd0c0ZktUcmczX2tDV1YtcFg1RmNvUU1BZGZGVnNYTktnWElCeGJ1eUp0d0c0amg5QVEtcU85bzZPdVRDeThiUHpmR0RhWElRQXZRM0xFSnlmek85aFFEUjN3TWNSRFE1bTd5Rk40aUFDSVhDa19PT0NxNFdRd0FvWUotazYyY1NkNS1sc2lOOU5McnV6djdkRFN5R3dneDQ2cDNmZDZURzA5aGJ0d0tqWWVWVElyVS1saUU5M1k4b3JWdU4tRlVtODRCRWE00gHuAUFVX3lxTE5Cdlo4N0ZDVnVfUG82c2hxTW1qWndSQXBIZG1FZXAzT2luVDRoRzBJWUFfbkd2eFdwYjBpdElscDBXSXY3RERxMEFIU0V2YlJCWTlNcnlfMXVpaUlSUXduLUE4MzhqOXQ1Wk1jc3kzUkdTemJOQ2w5VE5wR0dUcjVMVXJYSWJ0eTNadi10b2VGVUo2ckxRdnZCOWZBblcwRTl6S0Y5WFg2ZU1ITEpJVDE5ajk1NWRmdU9YSUx2R1llVFJyZ2RkRGRGSWZUTFh3UkE2QzB3MVdEUzBxYW5CVVpYUzhuc1ExRDJqOXh3Vmc?oc=5\" target=\"_blank\" rel=\"nofollow noopener\">PSG x Tottenham pela Supercopa da Uefa: onde assistir ao vivo e hor\u00e1rio<\/a>&nbsp;&nbsp;ge<\/li>\n<li><a href=\"https:\/\/news.google.com\/rss\/articles\/CBMiygFBVV95cUxNa1AtSHBMSk9zdTJ6U09IQXRGcmduY21jQXNPVExPLXVHSF8wQ3Y5MkFFWFVrZkkwY0lmSjNHR1VlQVdjYmFlTmRVNjlUYWk3RnFLNzJ5MmdTajNZcEJQVlF0eWJielBDUXo4N3JVblNES29xc3FJakVYVHJsWVVCZGNEMDV3U0xqWHNxSEJmX3FIUWNkaFAya1laWHhYdnpXZnZkNWpXTGVUWDBMazBlYlMxNXl1YmczQk5NT1Q1eVk5OVlMNjRtTXpR0gHPAUFVX3lxTFBfT19ibHVYQ09YajQyeFNNblVqOElxRjlENmx0VUhSa3RSTDFMM1NFYmhKVHdKTlA3UUpXcGRkblc1UmVLY2JCaVQ3Nld6S1ZzUWkzS1dkdFNlcVozUm9ENnQ0b25YeVJXQ0hWSG5zbkhYOWFSQzZOejFBNXUwckIzTEowVnhTY3prYnhpVjk2dm8zX1k5aUJvWE5YcndrRmlrdVJTRzJsUHFiUjh6Vm92eVRmUFliRkh0UWFPZFdEZVZYZ0syWWVPaVlXNndMZw?oc=5\" target=\"_blank\" rel=\"nofollow noopener\">Thomas Frank v\u00ea \u2018momento perfeito\u2019 para enfrentar o PSG<\/a>&nbsp;&nbsp;Correio Braziliense<\/li>\n<li><a href=\"https:\/\/news.google.com\/rss\/articles\/CBMijAJBVV95cUxQalc5cE9feGhFVTBSU1hzSWRQWjhHaUdPQ0tFU1lMWUhDTURSM1RpdVduRjBJaXdrQmpsY2xYT0VTb0lPNEZzNkhURUdNQ1pucFlKQ2xyWUpsNTk3MndPUTJmZEZVU0NLWFVpMGxIZHdpUkdzNk5EOTJVd1F2aHJvaEtpWDVBS3NwaW1oYmtSd1pyNmVEUG5RazhYazB3LVI2STZzeFJaa2RLVHVMeGdPVXh5S25NZnI2WWdndFA2S0dBOXZzQVdMMjU1VmJvalJhTEdWMVBMMmlENktnZEVtdE0tUlhiaG9qN3BxS1B1WVhGRG5QMC1STmlUV0ZINVRjN0owMG1YaF9TbnFQ?oc=5\" target=\"_blank\" rel=\"nofollow noopener\">Tottenham corta volante da Supercopa por motivo curioso:&#8217; houve uma consequ\u00eancia&#8217;<\/a>&nbsp;&nbsp;Terra<\/li>\n<li><a href=\"https:\/\/news.google.com\/rss\/articles\/CBMixAFBVV95cUxQSVRMbDM0bHJFQVpCYWxxdUxNTDBtdWVPRmdnakNaMlNTYVU0NEdubjlhVUtOcWFtQUViZ0cwX1dkczlfLUNsb2g1aWhzcnlpZExvOV94dlhlSkVmek1RaTZFQjVickNrNzdmX1hpdkZpOUw0VGdLampDZTkzaTNoVnRQaVliNk9fWExrZHpUMEpERGZTRTlxVmZ0enU1X2xBLXdNRVdFcmdLNERWVjVsRk5KWUdFVDM3Z2hEWVFNN0tPWEx40gHKAUFVX3lxTE14ZWp1T2FON19SR0twUHhjd0FCVlNmZ3M4U2swM1pqUEg1ZHFtc1ltakpZQ3E5RDVuWXZMMXVwNEVPWi1FRFNoTmI0Y1BkdUpXVWExUEZ5OXlUeDF3bXI0M3YyWWZCZF82T3FkUWxFbHBPcmFVdEFLWUdfX1k4U1VBU1ZWRFEtSTdMZlRwRDQyTkJVR3RIYWRGZXFyNHpUZ3NOVUR3dUtkMU1kQXRIckF2U29oZ0tidHdQQU5lM3dDeE9GYlhyYVV1NXc?oc=5\" target=\"_blank\" rel=\"nofollow noopener\">PSG e Tottenham lutam por in\u00e9dito t\u00edtulo europeu ap\u00f3s percal\u00e7os no passado<\/a>&nbsp;&nbsp;LANCE!<\/li>\n<\/ol>\n","protected":false},"excerpt":{"rendered":"PSG x Tottenham: antevis\u00e3o, aus\u00eancias e onzes prov\u00e1veis&nbsp;&nbsp;zerozero.pt PSG x Tottenham pela Supercopa da Uefa: onde assistir ao&hellip;\n","protected":false},"author":2,"featured_media":27299,"comment_status":"","ping_status":"","sticky":false,"template":"","format":"standard","meta":{"footnotes":""},"categories":[87],"tags":[135,526,524,13,32,33,527,525,134,523],"class_list":{"0":"post-27298","1":"post","2":"type-post","3":"status-publish","4":"format-standard","5":"has-post-thumbnail","7":"category-desporto","8":"tag-desporto","9":"tag-football","10":"tag-futebol","11":"tag-noticias","12":"tag-portugal","13":"tag-pt","14":"tag-resultados","15":"tag-soccer","16":"tag-sports","17":"tag-zerozero"},"share_on_mastodon":{"url":"","error":""},"_links":{"self":[{"href":"https:\/\/www.europesays.com\/pt\/wp-json\/wp\/v2\/posts\/27298","targetHints":{"allow":["GET"]}}],"collection":[{"href":"https:\/\/www.europesays.com\/pt\/wp-json\/wp\/v2\/posts"}],"about":[{"href":"https:\/\/www.europesays.com\/pt\/wp-json\/wp\/v2\/types\/post"}],"author":[{"embeddable":true,"href":"https:\/\/www.europesays.com\/pt\/wp-json\/wp\/v2\/users\/2"}],"replies":[{"embeddable":true,"href":"https:\/\/www.europesays.com\/pt\/wp-json\/wp\/v2\/comments?post=27298"}],"version-history":[{"count":0,"href":"https:\/\/www.europesays.com\/pt\/wp-json\/wp\/v2\/posts\/27298\/revisions"}],"wp:featuredmedia":[{"embeddable":true,"href":"https:\/\/www.europesays.com\/pt\/wp-json\/wp\/v2\/media\/27299"}],"wp:attachment":[{"href":"https:\/\/www.europesays.com\/pt\/wp-json\/wp\/v2\/media?parent=27298"}],"wp:term":[{"taxonomy":"category","embeddable":true,"href":"https:\/\/www.europesays.com\/pt\/wp-json\/wp\/v2\/categories?post=27298"},{"taxonomy":"post_tag","embeddable":true,"href":"https:\/\/www.europesays.com\/pt\/wp-json\/wp\/v2\/tags?post=27298"}],"curies":[{"name":"wp","href":"https:\/\/api.w.org\/{rel}","templated":true}]}}