{"id":273378,"date":"2026-02-17T11:12:22","date_gmt":"2026-02-17T11:12:22","guid":{"rendered":"https:\/\/www.europesays.com\/pt\/273378\/"},"modified":"2026-02-17T11:12:22","modified_gmt":"2026-02-17T11:12:22","slug":"ha-uma-euribor-a-ganhar-relevancia-nos-contratos-de-credito-a-habitacao-human-resources","status":"publish","type":"post","link":"https:\/\/www.europesays.com\/pt\/273378\/","title":{"rendered":"H\u00e1 uma Euribor a ganhar relev\u00e2ncia nos contratos de cr\u00e9dito \u00e0 habita\u00e7\u00e3o \u2013 Human Resources"},"content":{"rendered":"<p><strong>O arranque do ano traz mudan\u00e7as vis\u00edveis na distribui\u00e7\u00e3o das refer\u00eancias de Euribor nos novos contratos de cr\u00e9dito \u00e0 habita\u00e7\u00e3o, revela o Relat\u00f3rio de Cr\u00e9dito Habita\u00e7\u00e3o do ComparaJ\u00e1. A taxa a seis meses tem vindo a ganhar terreno, enquanto a Euribor a 12 meses, embora ainda dominante, regista uma ligeira perda de peso.<\/strong><\/p>\n<p>Segundo o relat\u00f3rio, a Euribor a seis meses passou a representar 42,3% das novas opera\u00e7\u00f5es, face aos 33,1% registados anteriormente. Este aumento indica que os mutu\u00e1rios est\u00e3o cada vez mais interessados em solu\u00e7\u00f5es interm\u00e9dias, procurando equil\u00edbrio entre prazos muito curtos e longos.<\/p>\n<p>A Euribor a 12 meses mant\u00e9m-se como a principal refer\u00eancia nos contratos de cr\u00e9dito \u00e0 habita\u00e7\u00e3o, representando 56,7% das opera\u00e7\u00f5es, mas esta diminui\u00e7\u00e3o relativa mostra uma redistribui\u00e7\u00e3o das prefer\u00eancias em benef\u00edcio da taxa a seis meses.<\/p>\n<p>J\u00e1 a Euribor a tr\u00eas meses apresenta uma ligeira descida, sinalizando algum al\u00edvio nas op\u00e7\u00f5es de curto prazo. O relat\u00f3rio sugere que, embora ainda haja procura por contratos indexados a horizontes muito curtos, os clientes tendem a escolher prazos um pouco mais longos para equilibrar presta\u00e7\u00e3o e risco.<\/p>\n<p>Segundo Rita Sogalho, Team leader de Cr\u00e9dito Habita\u00e7\u00e3o no ComparaJ\u00e1 \u00abo movimento que vemos na EURIBOR mostra um consumidor mais consciente: h\u00e1 menos espa\u00e7o para decis\u00f5es autom\u00e1ticas e mais necessidade de perceber o impacto de cada prazo na presta\u00e7\u00e3o e no custo total do cr\u00e9dito\u00bb.<\/p>\n<p>No seu conjunto, os dados do ComparaJ\u00e1 indicam um mercado em ajustamento fino: os consumidores mant\u00eam a confian\u00e7a na Euribor a 12 meses, mas valorizam cada vez mais a flexibilidade da taxa a seis meses, numa busca por maior previsibilidade sem sacrificar a adaptabilidade financeira.<\/p>\n","protected":false},"excerpt":{"rendered":"O arranque do ano traz mudan\u00e7as vis\u00edveis na distribui\u00e7\u00e3o das refer\u00eancias de Euribor nos novos contratos de cr\u00e9dito&hellip;\n","protected":false},"author":2,"featured_media":52665,"comment_status":"","ping_status":"","sticky":false,"template":"","format":"standard","meta":{"footnotes":"","_share_on_mastodon":"0"},"categories":[83],"tags":[88,1955,1238,89,90,1956,32,33],"class_list":["post-273378","post","type-post","status-publish","format-standard","has-post-thumbnail","category-empresas","tag-business","tag-comparaja","tag-credito-a-habitacao","tag-economy","tag-empresas","tag-euribor","tag-portugal","tag-pt"],"share_on_mastodon":{"url":"https:\/\/pubeurope.com\/@pt\/116085676053864801","error":""},"_links":{"self":[{"href":"https:\/\/www.europesays.com\/pt\/wp-json\/wp\/v2\/posts\/273378","targetHints":{"allow":["GET"]}}],"collection":[{"href":"https:\/\/www.europesays.com\/pt\/wp-json\/wp\/v2\/posts"}],"about":[{"href":"https:\/\/www.europesays.com\/pt\/wp-json\/wp\/v2\/types\/post"}],"author":[{"embeddable":true,"href":"https:\/\/www.europesays.com\/pt\/wp-json\/wp\/v2\/users\/2"}],"replies":[{"embeddable":true,"href":"https:\/\/www.europesays.com\/pt\/wp-json\/wp\/v2\/comments?post=273378"}],"version-history":[{"count":0,"href":"https:\/\/www.europesays.com\/pt\/wp-json\/wp\/v2\/posts\/273378\/revisions"}],"wp:featuredmedia":[{"embeddable":true,"href":"https:\/\/www.europesays.com\/pt\/wp-json\/wp\/v2\/media\/52665"}],"wp:attachment":[{"href":"https:\/\/www.europesays.com\/pt\/wp-json\/wp\/v2\/media?parent=273378"}],"wp:term":[{"taxonomy":"category","embeddable":true,"href":"https:\/\/www.europesays.com\/pt\/wp-json\/wp\/v2\/categories?post=273378"},{"taxonomy":"post_tag","embeddable":true,"href":"https:\/\/www.europesays.com\/pt\/wp-json\/wp\/v2\/tags?post=273378"}],"curies":[{"name":"wp","href":"https:\/\/api.w.org\/{rel}","templated":true}]}}