{"id":273574,"date":"2026-02-17T14:20:06","date_gmt":"2026-02-17T14:20:06","guid":{"rendered":"https:\/\/www.europesays.com\/pt\/273574\/"},"modified":"2026-02-17T14:20:06","modified_gmt":"2026-02-17T14:20:06","slug":"rubio-em-budapeste-estados-unidos-e-hungria-no-inicio-de-uma-era-dourada-com-orban","status":"publish","type":"post","link":"https:\/\/www.europesays.com\/pt\/273574\/","title":{"rendered":"Rubio em Budapeste. Estados Unidos e Hungria no in\u00edcio de uma &#8220;era dourada&#8221; com Orb\u00e1n"},"content":{"rendered":"<p>&#13;<br \/>\n&#8220;Estamos a entrar nesta era dourada das rela\u00e7\u00f5es entre os nossos pa\u00edses, e n\u00e3o apenas pela afinidade dos nossos povos, mas tamb\u00e9m pela rela\u00e7\u00e3o que se tem com o presidente dos Estados Unidos&#8221;, disse Rubio. Viktor Orb\u00e1n, primeiro ministro h\u00fangaro, n\u00e3o teve d\u00favidas em garantir igualmente que os Estados Unidos e a Hungria podem falar sobre tudo, incluindo rela\u00e7\u00f5es com a China.&#13;\n<\/p>\n<p>&#13;<br \/>\nRubio foi recebido por Orb\u00e1n, um primeiro-ministro criticado por Bruxelas pelo seu apoio a Moscovo.&#13;\n<\/p>\n<p>&#13;<br \/>\nNa confer\u00eancia de imprensa em Budapeste, ap\u00f3s o encontro entre ambos, Rubio pareceu <b>implicar que a &#8220;era dourada&#8221; mencionada estaria ligada \u00e0 reelei\u00e7\u00e3o de Orb\u00e1n<\/b>, nas pr\u00f3ximas elei\u00e7\u00f5es legislativas, marcadas para 12 de abril.&#13;\n<\/p>\n<p>\nA visita de Rubio marca um clima de pr\u00e9-campanha na Hungria, numa altura em que Orb\u00e1n e o seu partido nacionalista, Fidesz, est\u00e3o a perder nas sondagens para o centro-direita do Tisza e do seu l\u00edder P\u00e9ter Magyar.<\/p>\n<p>Magyar ser\u00e1 a maior amea\u00e7a a Orb\u00e1n desde que este chegou ao poder, em 2010.<\/p>\n<p>&#13;<br \/>\nSurgir ao lado de Rubio, um cr\u00edtico severo das estrat\u00e9gias seguidas por Bruxelas face \u00e0 Uni\u00e3o Europeia, poder\u00e1 dar um impulso a Orb\u00e1n, cuja campanha assenta no sentimento anti-UE dos h\u00fangaros.&#13;\n<\/p>\n<p>&#13;<br \/>\nAs elei\u00e7\u00f5es de abril na Hungria revestem-se de grande import\u00e2ncia, pelas&#13;<br \/>\nimplica\u00e7\u00f5es para a Europa e para o fortalecimento dos movimentos &#13;<br \/>\npol\u00edticos conservadores e de extrema-direita, em caso de vit\u00f3ria de &#13;<br \/>\nOrb\u00e1n.&#13;\n<\/p>\n<p>&#8220;O seu sucesso \u00e9 o nosso sucesso&#8221;<\/p>\n<p>&#13;<br \/>\nO secret\u00e1rio de Estado dos EUA sublinhou, ali\u00e1s, que <b>o presidente norte-americano, Donald Trump, est\u00e1 empenhado no sucesso de Orb\u00e1n<\/b>, porque a sua lideran\u00e7a e rela\u00e7\u00e3o com Trump s\u00e3o cruciais para os interesses dos EUA.&#13;\n<\/p>\n<p>&#13;<br \/>\nRubio sublinhou que o resultado das elei\u00e7\u00f5es na Hungria dependia dos &#13;<br \/>\neleitores, mas elogiou repetidamente a rela\u00e7\u00e3o &#8220;extraordinariamente &#13;<br \/>\nforte&#8221; de Orb\u00e1n com os EUA, dizendo que esta trazia &#8220;benef\u00edcios &#13;<br \/>\ntang\u00edveis&#8221; para as rela\u00e7\u00f5es bilaterais.<br \/>&#13;\n<\/p>\n<p>\nRubio indicou ainda que Washington estaria disposto a ajudar Budapeste financeiramente, se necess\u00e1rio.<\/p>\n<p><b>&#8220;O presidente Trump est\u00e1 profundamente comprometido com o seu sucesso, porque o seu sucesso \u00e9 o nosso sucesso&#8221;<\/b>, disse Rubio, dirigindo-se a Orb\u00e1n. <\/p>\n<p>&#13;<br \/>\n&#8220;Queremos que este pa\u00eds prospere. \u00c9 do nosso interesse nacional, especialmente enquanto o senhor for o primeiro-ministro e o l\u00edder deste pa\u00eds&#8221;, concluiu.&#13;\n<\/p>\n<p>&#13;<br \/>\n<br \/>&#13;<br \/>\n&#8220;Se enfrentarem dificuldades financeiras, se enfrentarem obst\u00e1culos &#13;<br \/>\nao crescimento, <b>se enfrentarem amea\u00e7as \u00e0 estabilidade do vosso pa\u00eds, sei&#13;<br \/>\nque o presidente Trump estar\u00e1 muito interessado, devido \u00e0 rela\u00e7\u00e3o que &#13;<br \/>\nt\u00eam com ele e \u00e0 import\u00e2ncia que este pa\u00eds tem, em encontrar formas de &#13;<br \/>\nprestar assist\u00eancia <\/b>caso esta situa\u00e7\u00e3o chegue&#8221;, disse Rubio.&#13;\n<\/p>\n<p>&#13;<br \/>\nAliado de Trump na Europa&#13;\n<\/p>\n<p>Palavras dirigidas ao cora\u00e7\u00e3o dos h\u00fangaros, j\u00e1 que Viktor Orb\u00e1n tem sido incapaz de impulsionar a economia, apesar de aumentar sal\u00e1rios e cortar impostos, al\u00e9m de promover empr\u00e9stimos imobili\u00e1rios baratos.<\/p>\n<p>&#13;<br \/>\nA estrat\u00e9gia pode estar a ter efeitos contr\u00e1rios ao pretendido.\u00a0&#13;\n<\/p>\n<p>A infla\u00e7\u00e3o disparou na Hungria ap\u00f3s a invas\u00e3o da Ucr\u00e2nia pela R\u00fassia em Fevereiro de 2022, e o crescimento estagnou durante tr\u00eas anos mas, as medidas adotadas por Orb\u00e1n podem agravar o d\u00e9fice or\u00e7amental e riscos inflacionistas e implicar a perda de impulso na redu\u00e7\u00e3o gradual de uma das maiores d\u00edvidas da Uni\u00e3o Europeia. O primeiro ministro h\u00fangaro \u00e9 um dos aliados mais pr\u00f3ximos de Trump&#13;<br \/>\nna Europa e n\u00e3o tem hesitado a opor-se a pol\u00edticas da Uni\u00e3o Europeia em&#13;<br \/>\ndiversas quest\u00f5es, ao mesmo tempo que mant\u00e9m rela\u00e7\u00f5es cordiais com a &#13;<br \/>\nR\u00fassia e critica a Ucr\u00e2nia.\u00a0<\/p>\n<p>&#13;<br \/>\nDesafiando Bruxelas e Trump, <b>Orb\u00e1n refor\u00e7ou recentemente o seu discurso nacionalista e prometeu continuar a comprar petr\u00f3leo \u00e0 R\u00fassia<\/b>.\u00a0&#13;\n<\/p>\n<p>&#13;<br \/>\nAcabou por conseguir do presidente norte-americano a isen\u00e7\u00e3o, durante um ano, das san\u00e7\u00f5es impostas pelos EUA a quem fa\u00e7a neg\u00f3cios com Moscovo. Em troca, Orb\u00e1n ter\u00e1 prometido fazer a ponte entre Washington e Moscovo, para negociar a paz na Ucr\u00e2nia.&#13;\n<\/p>\n<p>&#13;<br \/>\nTer aliados na Europa \u00e9 crucial para as pretens\u00f5es e estrat\u00e9gia internacional da atual Administra\u00e7\u00e3o norte-americana.\u00a0&#13;\n<\/p>\n<p>&#13;<br \/>\nAlta tens\u00e3o&#13;\n<\/p>\n<p>&#13;<br \/>\nDonald Trump tem estado em rota de colis\u00e3o com Bruxelas\u00a0desde que regressou ao poder, h\u00e1 um ano.\u00a0Cr\u00edticas a pol\u00edticas de imigra\u00e7\u00e3o, imposi\u00e7\u00e3o de tarfias e a amea\u00e7a de anexar a Gronel\u00e2ndia \u00e0 revelia da Dinamarca, um estado aliado na NATO, t\u00eam tornado amargas as rela\u00e7\u00f5es transatl\u00e2nticas.&#13;\n<\/p>\n<p>&#13;<br \/>\nA lideran\u00e7a europeia, encabe\u00e7ada pela Fran\u00e7a e pela Alemanha, tem <b>apostado por isso num corte do cord\u00e3o umbilical com os Estados Unidos.<\/b>&#13;\n<\/p>\n<p>Este fim-de-semana, <a href=\"https:\/\/www.rtp.pt\/noticias\/mundo\/marco-rubio-na-conferencia-de-munique-os-eua-nao-querem-separar-se-dos-aliados_n1719132\" target=\"_blank\" rel=\"nofollow noopener\">durante a Confer\u00eancia de Seguran\u00e7a de Munique<\/a>, Marco Rubio transmitiu uma mensagem de unidade, afirmando que os Estados Unidos &#8220;n\u00e3o querem separar-se dos aliados&#8221;, mas tamb\u00e9m manteve as cr\u00edticas \u00e0 administra\u00e7\u00e3o da Europa.<\/p>\n<p>Em Budapeste,\u00a0Rubio mostrou-se surpreendido com a animosidade face \u00e0s tentativas de<br \/>\nacordos de paz seguidas pelo presidente Trump.\u00a0<br \/>\n          <img decoding=\"async\" itemprop=\"image\" class=\"img-fluid\"   src=\"https:\/\/www.europesays.com\/pt\/wp-content\/uploads\/2026\/02\/40286e2b207a3a2428f47a7942bb1788_N.jpg\"\/><\/p>\n<p>\u00a0<\/p>\n<p>&#13;<br \/>\nO secret\u00e1rio de Estado dos EUA, tamb\u00e9m conselheiro de Seguran\u00e7a Nacional de Trump, cumpriu depois de Munique, esta segunda-feira, a segunda etapa de uma viagem de dois dias \u00e0 <b>Eslov\u00e1quia e \u00e0 Hungria, cujos l\u00edderes conservadores s\u00e3o pr\u00f3ximos de Trump e cr\u00edticos da Uni\u00e3o Europeia.<\/b>&#13;\n<\/p>\n<p>Tanto Orb\u00e1n como o primeiro-ministro eslovaco, Robert Fico, foram acusados \u200b\u200bpelas institui\u00e7\u00f5es da UE de enfraquecer o poder judicial, os meios de comunica\u00e7\u00e3o social e o combate \u00e0 corrup\u00e7\u00e3o a n\u00edvel nacional.<\/p>\n<p><a href=\"https:\/\/www.rtp.pt\/noticias\/mundo\/marco-rubio-na-europa-central-para-reforcar-lacos-com-lideres-pro-trump_n1719428\" target=\"_blank\" rel=\"nofollow noopener\">Em ambos os pa\u00edses, <\/a><b><a href=\"https:\/\/www.rtp.pt\/noticias\/mundo\/marco-rubio-na-europa-central-para-reforcar-lacos-com-lideres-pro-trump_n1719428\" target=\"_blank\" rel=\"nofollow noopener\">Rubio prometeu refor\u00e7ar os la\u00e7os<\/a> <\/b>numa altura em que as rela\u00e7\u00f5es de Washington com os principais aliados europeus, como a Fran\u00e7a e a Alemanha, est\u00e3o sob tens\u00e3o.&#13;\n<\/p>\n<p>&#13;<br \/>\nc\/ ag\u00eancias&#13;<\/p>\n","protected":false},"excerpt":{"rendered":"&#13; &#8220;Estamos a entrar nesta era dourada das rela\u00e7\u00f5es entre os nossos pa\u00edses, e n\u00e3o apenas pela afinidade&hellip;\n","protected":false},"author":2,"featured_media":273575,"comment_status":"","ping_status":"","sticky":false,"template":"","format":"standard","meta":{"footnotes":"","_share_on_mastodon":"0"},"categories":[50],"tags":[27,28,25181,15,16,50145,14,1991,25,26,21,22,18507,62,12,13,19,20,23,24,50146,17,18,29,30,31,1992,63,64,65],"class_list":["post-273574","post","type-post","status-publish","format-standard","has-post-thumbnail","category-mundo","tag-breaking-news","tag-breakingnews","tag-budapeste","tag-featured-news","tag-featurednews","tag-fidesz","tag-headlines","tag-hungria","tag-latest-news","tag-latestnews","tag-main-news","tag-mainnews","tag-marco-rubio","tag-mundo","tag-news","tag-noticias","tag-noticias-principais","tag-noticiasprincipais","tag-principais-noticias","tag-principaisnoticias","tag-tisza","tag-top-stories","tag-topstories","tag-ultimas","tag-ultimas-noticias","tag-ultimasnoticias","tag-viktor-orban","tag-world","tag-world-news","tag-worldnews"],"share_on_mastodon":{"url":"https:\/\/pubeurope.com\/@pt\/116086415239252003","error":""},"_links":{"self":[{"href":"https:\/\/www.europesays.com\/pt\/wp-json\/wp\/v2\/posts\/273574","targetHints":{"allow":["GET"]}}],"collection":[{"href":"https:\/\/www.europesays.com\/pt\/wp-json\/wp\/v2\/posts"}],"about":[{"href":"https:\/\/www.europesays.com\/pt\/wp-json\/wp\/v2\/types\/post"}],"author":[{"embeddable":true,"href":"https:\/\/www.europesays.com\/pt\/wp-json\/wp\/v2\/users\/2"}],"replies":[{"embeddable":true,"href":"https:\/\/www.europesays.com\/pt\/wp-json\/wp\/v2\/comments?post=273574"}],"version-history":[{"count":0,"href":"https:\/\/www.europesays.com\/pt\/wp-json\/wp\/v2\/posts\/273574\/revisions"}],"wp:featuredmedia":[{"embeddable":true,"href":"https:\/\/www.europesays.com\/pt\/wp-json\/wp\/v2\/media\/273575"}],"wp:attachment":[{"href":"https:\/\/www.europesays.com\/pt\/wp-json\/wp\/v2\/media?parent=273574"}],"wp:term":[{"taxonomy":"category","embeddable":true,"href":"https:\/\/www.europesays.com\/pt\/wp-json\/wp\/v2\/categories?post=273574"},{"taxonomy":"post_tag","embeddable":true,"href":"https:\/\/www.europesays.com\/pt\/wp-json\/wp\/v2\/tags?post=273574"}],"curies":[{"name":"wp","href":"https:\/\/api.w.org\/{rel}","templated":true}]}}