{"id":273633,"date":"2026-02-17T15:19:11","date_gmt":"2026-02-17T15:19:11","guid":{"rendered":"https:\/\/www.europesays.com\/pt\/273633\/"},"modified":"2026-02-17T15:19:11","modified_gmt":"2026-02-17T15:19:11","slug":"mais-de-150-intoxicados-por-inalacao-de-monoxido-de-carbono-desde-2021","status":"publish","type":"post","link":"https:\/\/www.europesays.com\/pt\/273633\/","title":{"rendered":"Mais de 150 intoxicados por inala\u00e7\u00e3o de mon\u00f3xido de carbono desde 2021"},"content":{"rendered":"<p data-remotead-prev-elm=\"true\" data-remotead-elm-id=\"inread\">Nos \u00faltimos cinco anos, houve 157 casos de intoxica\u00e7\u00e3o por mon\u00f3xido de carbono, sendo que 34 pessoas ficaram em risco de vida ou com sintomas graves. Os casos reportados ao Centro de Informa\u00e7\u00e3o Antivenenos (CIAV) do INEM tiveram como causas a utiliza\u00e7\u00e3o de esquentadores e aquecedores a g\u00e1s e, sobretudo, o uso de braseiros e lareiras. No espa\u00e7o de um ano morreram, pelo menos, nove pessoas intoxicadas por mon\u00f3xido de carbono.<\/p>\n","protected":false},"excerpt":{"rendered":"Nos \u00faltimos cinco anos, houve 157 casos de intoxica\u00e7\u00e3o por mon\u00f3xido de carbono, sendo que 34 pessoas ficaram&hellip;\n","protected":false},"author":2,"featured_media":273634,"comment_status":"","ping_status":"","sticky":false,"template":"","format":"standard","meta":{"footnotes":"","_share_on_mastodon":"0"},"categories":[8],"tags":[27,28,15,16,14,7923,23767,25,26,21,22,40217,619,12,13,19,20,32,23,24,33,17,18,29,30,31],"class_list":["post-273633","post","type-post","status-publish","format-standard","has-post-thumbnail","category-principais-noticias","tag-breaking-news","tag-breakingnews","tag-featured-news","tag-featurednews","tag-headlines","tag-inem","tag-intoxicacao","tag-latest-news","tag-latestnews","tag-main-news","tag-mainnews","tag-monoxido-de-carbono","tag-nacional","tag-news","tag-noticias","tag-noticias-principais","tag-noticiasprincipais","tag-portugal","tag-principais-noticias","tag-principaisnoticias","tag-pt","tag-top-stories","tag-topstories","tag-ultimas","tag-ultimas-noticias","tag-ultimasnoticias"],"share_on_mastodon":{"url":"https:\/\/pubeurope.com\/@pt\/116086647536678738","error":""},"_links":{"self":[{"href":"https:\/\/www.europesays.com\/pt\/wp-json\/wp\/v2\/posts\/273633","targetHints":{"allow":["GET"]}}],"collection":[{"href":"https:\/\/www.europesays.com\/pt\/wp-json\/wp\/v2\/posts"}],"about":[{"href":"https:\/\/www.europesays.com\/pt\/wp-json\/wp\/v2\/types\/post"}],"author":[{"embeddable":true,"href":"https:\/\/www.europesays.com\/pt\/wp-json\/wp\/v2\/users\/2"}],"replies":[{"embeddable":true,"href":"https:\/\/www.europesays.com\/pt\/wp-json\/wp\/v2\/comments?post=273633"}],"version-history":[{"count":0,"href":"https:\/\/www.europesays.com\/pt\/wp-json\/wp\/v2\/posts\/273633\/revisions"}],"wp:featuredmedia":[{"embeddable":true,"href":"https:\/\/www.europesays.com\/pt\/wp-json\/wp\/v2\/media\/273634"}],"wp:attachment":[{"href":"https:\/\/www.europesays.com\/pt\/wp-json\/wp\/v2\/media?parent=273633"}],"wp:term":[{"taxonomy":"category","embeddable":true,"href":"https:\/\/www.europesays.com\/pt\/wp-json\/wp\/v2\/categories?post=273633"},{"taxonomy":"post_tag","embeddable":true,"href":"https:\/\/www.europesays.com\/pt\/wp-json\/wp\/v2\/tags?post=273633"}],"curies":[{"name":"wp","href":"https:\/\/api.w.org\/{rel}","templated":true}]}}