{"id":27364,"date":"2025-08-13T10:24:08","date_gmt":"2025-08-13T10:24:08","guid":{"rendered":"https:\/\/www.europesays.com\/pt\/27364\/"},"modified":"2025-08-13T10:24:08","modified_gmt":"2025-08-13T10:24:08","slug":"periodo-chuvoso-impulsiona-aumento-de-ate-40-nas-vendas-da-vitamina-c-em-roraima","status":"publish","type":"post","link":"https:\/\/www.europesays.com\/pt\/27364\/","title":{"rendered":"Per\u00edodo chuvoso impulsiona aumento de at\u00e9 40% nas vendas da Vitamina C em Roraima"},"content":{"rendered":"<p>Com o per\u00edodo chuvoso em Roraima, a procura pelo o suplemento de Vitamina C cresce em at\u00e9 40% entre os meses de julho e setembro. Dados foram divulgados pelo Conselho Regional de Farm\u00e1cia de Roraima (CRF\/RR), que refor\u00e7a a import\u00e2ncia de utilizar essa suplementa\u00e7\u00e3o de forma moderada.<\/p>\n<p>\u201cA vitamina C \u00e9 reconhecida por seu papel no fortalecimento da imunidade, e em tempos de chuva, quando h\u00e1 maior circula\u00e7\u00e3o de v\u00edrus respirat\u00f3rios, a popula\u00e7\u00e3o busca se proteger. Mas \u00e9 importante lembrar que o uso deve ser orientado por um profissional farmac\u00eautico\u201d, destaca a presidente do CRF\/RR, Bianca Crispim.<\/p>\n<p>A procura pelo suplemento nos pontos comerciais \u00e9 tanto na forma de efervescentes quanto em comprimidos.<\/p>\n<p>\u201cO aumento da demanda \u00e9 compreens\u00edvel, mas refor\u00e7amos que a automedica\u00e7\u00e3o, mesmo com vitaminas, pode trazer riscos e que o farmac\u00eautico \u00e9 o profissional capacitado para orientar sobre as dosagens\u201d, acrescentou o Conselheiro Federal por Roraima, Ad\u00f4nis Motta.<\/p>\n<p>O CRF\/RR refor\u00e7a que apesar da vitamina C ser um \u00f3timo auxiliador para o sistema imunol\u00f3gico, \u00a0a recomenda\u00e7\u00e3o \u00e9 que a popula\u00e7\u00e3o sempre priorize por fontes naturais como frutas c\u00edtricas e vegetais frescos, e que sempre busque a orienta\u00e7\u00e3o de um profissional farmac\u00eautico antes de iniciar qualquer suplementa\u00e7\u00e3o.<\/p>\n","protected":false},"excerpt":{"rendered":"Com o per\u00edodo chuvoso em Roraima, a procura pelo o suplemento de Vitamina C cresce em at\u00e9 40%&hellip;\n","protected":false},"author":2,"featured_media":27365,"comment_status":"","ping_status":"","sticky":false,"template":"","format":"standard","meta":{"footnotes":""},"categories":[86],"tags":[116,9357,1348,32,33,823,117,3228],"class_list":{"0":"post-27364","1":"post","2":"type-post","3":"status-publish","4":"format-standard","5":"has-post-thumbnail","7":"category-saude","8":"tag-health","9":"tag-periodo-chuvoso","10":"tag-pesquisa","11":"tag-portugal","12":"tag-pt","13":"tag-roraima","14":"tag-saude","15":"tag-vitamina-c"},"share_on_mastodon":{"url":"","error":""},"_links":{"self":[{"href":"https:\/\/www.europesays.com\/pt\/wp-json\/wp\/v2\/posts\/27364","targetHints":{"allow":["GET"]}}],"collection":[{"href":"https:\/\/www.europesays.com\/pt\/wp-json\/wp\/v2\/posts"}],"about":[{"href":"https:\/\/www.europesays.com\/pt\/wp-json\/wp\/v2\/types\/post"}],"author":[{"embeddable":true,"href":"https:\/\/www.europesays.com\/pt\/wp-json\/wp\/v2\/users\/2"}],"replies":[{"embeddable":true,"href":"https:\/\/www.europesays.com\/pt\/wp-json\/wp\/v2\/comments?post=27364"}],"version-history":[{"count":0,"href":"https:\/\/www.europesays.com\/pt\/wp-json\/wp\/v2\/posts\/27364\/revisions"}],"wp:featuredmedia":[{"embeddable":true,"href":"https:\/\/www.europesays.com\/pt\/wp-json\/wp\/v2\/media\/27365"}],"wp:attachment":[{"href":"https:\/\/www.europesays.com\/pt\/wp-json\/wp\/v2\/media?parent=27364"}],"wp:term":[{"taxonomy":"category","embeddable":true,"href":"https:\/\/www.europesays.com\/pt\/wp-json\/wp\/v2\/categories?post=27364"},{"taxonomy":"post_tag","embeddable":true,"href":"https:\/\/www.europesays.com\/pt\/wp-json\/wp\/v2\/tags?post=27364"}],"curies":[{"name":"wp","href":"https:\/\/api.w.org\/{rel}","templated":true}]}}