{"id":27380,"date":"2025-08-13T10:35:32","date_gmt":"2025-08-13T10:35:32","guid":{"rendered":"https:\/\/www.europesays.com\/pt\/27380\/"},"modified":"2025-08-13T10:35:32","modified_gmt":"2025-08-13T10:35:32","slug":"radio-condestavel-serta-sertanense-iniciou-trabalhos-de-preparacao-para-a-nova-epoca","status":"publish","type":"post","link":"https:\/\/www.europesays.com\/pt\/27380\/","title":{"rendered":"R\u00e1dio Condest\u00e1vel | SERT\u00c3: Sertanense iniciou trabalhos de prepara\u00e7\u00e3o para a nova \u00e9poca"},"content":{"rendered":"<p>Depois de 25 anos consecutivos nos campeonatos nacionais de futebol, a equipa s\u00e9nior do Sertanense Futebol Clube (SFC) foi despromovida, na temporada passada, e vai participar, na \u00e9poca 2025-2026, no Campeonato Distrital de Castelo Branco.<br \/>Os trabalhos de prepara\u00e7\u00e3o para a prova iniciaram-se esta segunda-feira dia 11 de agosto. O plantel vai sofrer uma remodela\u00e7\u00e3o quase total, pois transitam apenas 2 jogadores da \u00e9poca anterior.<br \/>J\u00e1 o treinador Gon\u00e7alo Cruz vai manter-se \u00e0 frente da equipa e \u00e0 R\u00e1dio Condest\u00e1vel aponta como principal objetivo o t\u00edtulo de campe\u00e3o e o regresso ao Campeonato de Portugal:<\/p>\n<p>Com um plantel praticamente todo novo, o primeiro passo \u00e9 criar um bom esp\u00edrito de grupo, para que a equipa possa corresponder aos objetivos delineados:<\/p>\n<p>Gon\u00e7alo Cruz confessou que um dos motivos que o levou a ficar no Sertanense foi a liga\u00e7\u00e3o forte que sentiu com o clube, adeptos e s\u00f3cios. O facto de poder devolver o clube ao lugar que ocupou nos \u00faltimos 25 anos tamb\u00e9m pesou na decis\u00e3o. Ser\u00e1 um desafio interessante, numa prova que se adivinha ser mais competitiva que o ano passado:<\/p>\n<p><strong>Constitui\u00e7\u00e3o do plantel:<\/strong><\/p>\n<p>Guarda-Redes: Bruno Rocha (ex: Vitoria Sernache) e Leandro Santos (ex: Avelarense)<\/p>\n<p>Defesas: Balburdia (ex: Portalegrense), Pierre (ex: Agueda), Rodrigo Engenheiro (ex: Proen\u00e7a-a-Nova), Iago (ex: Juveforce), Zacarias (jogava na Inglaterra), Jardel (ex: Juventude \u00c9vora), Diogo Serra (ex: J\u00fanior Sertanense) e Jo\u00e3o Tom\u00e1s e Possid\u00f3nio, que transitam da \u00e9poca passada.<\/p>\n<p>M\u00e9dios: Alex (ex: Proen\u00e7a-a-Nova), Paulo Cesar (ex: Naval), Tiago Santos (jogava no Brasil), Rebola (ex: \u00c1guias Moradal), Rodrigo Pacheco (ex: Vila FC) e Jony (ex: Proen\u00e7a-a-Nova)<\/p>\n<p>Avan\u00e7ados: Dylan Esteves (ex: Vilar Perdizes), Ivo Cruz (ex: Foz FC), Ant\u00f3nio Carreiro (ex: S\u00e3o Roque dos A\u00e7ores), Gabriel Vilas Boas (jogava no Brasil) e Tom\u00e1s Caba\u00e7o, Rodrigo Mota e Sousa (ex: Juniores Sertanense)<\/p>\n<p>Ainda falta, pelo menos, um jogador para a zona ofensiva.<\/p>\n","protected":false},"excerpt":{"rendered":"Depois de 25 anos consecutivos nos campeonatos nacionais de futebol, a equipa s\u00e9nior do Sertanense Futebol Clube (SFC)&hellip;\n","protected":false},"author":2,"featured_media":27381,"comment_status":"","ping_status":"","sticky":false,"template":"","format":"standard","meta":{"footnotes":""},"categories":[141],"tags":[9362,114,115,2692,149,150,32,9361,33,1985,9360],"class_list":{"0":"post-27380","1":"post","2":"type-post","3":"status-publish","4":"format-standard","5":"has-post-thumbnail","7":"category-musica","8":"tag-campeonatodeportugal","9":"tag-entertainment","10":"tag-entretenimento","11":"tag-jogo","12":"tag-music","13":"tag-musica","14":"tag-portugal","15":"tag-preparacao","16":"tag-pt","17":"tag-serta","18":"tag-sertanense"},"share_on_mastodon":{"url":"","error":""},"_links":{"self":[{"href":"https:\/\/www.europesays.com\/pt\/wp-json\/wp\/v2\/posts\/27380","targetHints":{"allow":["GET"]}}],"collection":[{"href":"https:\/\/www.europesays.com\/pt\/wp-json\/wp\/v2\/posts"}],"about":[{"href":"https:\/\/www.europesays.com\/pt\/wp-json\/wp\/v2\/types\/post"}],"author":[{"embeddable":true,"href":"https:\/\/www.europesays.com\/pt\/wp-json\/wp\/v2\/users\/2"}],"replies":[{"embeddable":true,"href":"https:\/\/www.europesays.com\/pt\/wp-json\/wp\/v2\/comments?post=27380"}],"version-history":[{"count":0,"href":"https:\/\/www.europesays.com\/pt\/wp-json\/wp\/v2\/posts\/27380\/revisions"}],"wp:featuredmedia":[{"embeddable":true,"href":"https:\/\/www.europesays.com\/pt\/wp-json\/wp\/v2\/media\/27381"}],"wp:attachment":[{"href":"https:\/\/www.europesays.com\/pt\/wp-json\/wp\/v2\/media?parent=27380"}],"wp:term":[{"taxonomy":"category","embeddable":true,"href":"https:\/\/www.europesays.com\/pt\/wp-json\/wp\/v2\/categories?post=27380"},{"taxonomy":"post_tag","embeddable":true,"href":"https:\/\/www.europesays.com\/pt\/wp-json\/wp\/v2\/tags?post=27380"}],"curies":[{"name":"wp","href":"https:\/\/api.w.org\/{rel}","templated":true}]}}